{"id":10431,"date":"2024-01-31T14:06:03","date_gmt":"2024-01-31T14:06:03","guid":{"rendered":"https:\/\/radiocresatelital.com\/?p=10431"},"modified":"2024-01-31T20:21:26","modified_gmt":"2024-01-31T20:21:26","slug":"diana-salazar-le-responde-al-profugo-y-lo-califica-de-racista","status":"publish","type":"post","link":"https:\/\/radiocresatelital.com\/?p=10431","title":{"rendered":"Diana Salazar le responde al pr\u00f3fugo y lo califica de racista"},"content":{"rendered":"<p>Quito.- Luego de que el pr\u00f3fugo de la justicia, Rafael Correa, publicara unos chats en donde mencionan a una mujer con una de sus caracter\u00edsticas, como es su denominaci\u00f3n com\u00fan, debido al grupo \u00e9tnico que pertenece y le dicen la \u00abnegra\u00bb, el ex mandatario da por hecho de que se refieren a la Dra. Diana Salazar, Fiscal General de la Naci\u00f3n.<\/p>\n<p>C\u00f3mo respuesta a aquella acusaci\u00f3n, la Dra. Salazar emiti\u00f3 un comunicado en el cual, adem\u00e1s de reiterar su posici\u00f3n de inocencia ante tales acusaciones, califica a Correa de racista.<\/p>\n<p><img decoding=\"async\" src=\"https:\/\/pbs.twimg.com\/media\/GFIdaoQW0AAFvv3?format=jpg&amp;name=large\" alt=\"Imagen\" \/><\/p>\n","protected":false},"excerpt":{"rendered":"<p>Quito.- Luego de que el pr\u00f3fugo de la justicia, Rafael Correa, publicara unos chats en donde mencionan a una mujer con una de sus caracter\u00edsticas, como es su denominaci\u00f3n com\u00fan, debido al grupo \u00e9tnico que pertenece y le dicen la \u00abnegra\u00bb, el ex mandatario da por hecho de que se refieren a la Dra. Diana [&hellip;]<\/p>\n","protected":false},"author":3,"featured_media":8740,"comment_status":"open","ping_status":"closed","sticky":false,"template":"","format":"standard","meta":{"_jetpack_memberships_contains_paid_content":false,"footnotes":""},"categories":[13],"tags":[1626],"class_list":["post-10431","post","type-post","status-publish","format-standard","has-post-thumbnail","hentry","category-noticias-nacionales","tag-dra-diana-salazar"],"jetpack_featured_media_url":"https:\/\/radiocresatelital.com\/wp-content\/uploads\/2023\/12\/diana-salazar-fiscal.jpg","jetpack_sharing_enabled":true,"_links":{"self":[{"href":"https:\/\/radiocresatelital.com\/index.php?rest_route=\/wp\/v2\/posts\/10431","targetHints":{"allow":["GET"]}}],"collection":[{"href":"https:\/\/radiocresatelital.com\/index.php?rest_route=\/wp\/v2\/posts"}],"about":[{"href":"https:\/\/radiocresatelital.com\/index.php?rest_route=\/wp\/v2\/types\/post"}],"author":[{"embeddable":true,"href":"https:\/\/radiocresatelital.com\/index.php?rest_route=\/wp\/v2\/users\/3"}],"replies":[{"embeddable":true,"href":"https:\/\/radiocresatelital.com\/index.php?rest_route=%2Fwp%2Fv2%2Fcomments&post=10431"}],"version-history":[{"count":1,"href":"https:\/\/radiocresatelital.com\/index.php?rest_route=\/wp\/v2\/posts\/10431\/revisions"}],"predecessor-version":[{"id":10432,"href":"https:\/\/radiocresatelital.com\/index.php?rest_route=\/wp\/v2\/posts\/10431\/revisions\/10432"}],"wp:featuredmedia":[{"embeddable":true,"href":"https:\/\/radiocresatelital.com\/index.php?rest_route=\/wp\/v2\/media\/8740"}],"wp:attachment":[{"href":"https:\/\/radiocresatelital.com\/index.php?rest_route=%2Fwp%2Fv2%2Fmedia&parent=10431"}],"wp:term":[{"taxonomy":"category","embeddable":true,"href":"https:\/\/radiocresatelital.com\/index.php?rest_route=%2Fwp%2Fv2%2Fcategories&post=10431"},{"taxonomy":"post_tag","embeddable":true,"href":"https:\/\/radiocresatelital.com\/index.php?rest_route=%2Fwp%2Fv2%2Ftags&post=10431"}],"curies":[{"name":"wp","href":"https:\/\/api.w.org\/{rel}","templated":true}]}}