{"id":1043,"date":"2023-07-10T18:37:38","date_gmt":"2023-07-10T18:37:38","guid":{"rendered":"https:\/\/radiocresatelital.com\/?p=1043"},"modified":"2023-07-10T18:37:38","modified_gmt":"2023-07-10T18:37:38","slug":"vicepresidente-de-la-republica-presidira-el-coe-provincial-en-manabi-y-dialogara-con-representantes-de-sectores-productivos-sobre-posibles-efectos-del-fenomeno-del-nino","status":"publish","type":"post","link":"https:\/\/radiocresatelital.com\/?p=1043","title":{"rendered":"VicePresidente de la Rep\u00fablica presidir\u00e1 el COE Provincial en Manab\u00ed y dialogar\u00e1 con representantes de sectores productivos sobre posibles efectos del Fen\u00f3meno del Ni\u00f1o"},"content":{"rendered":"<p>Quito.- Con el objetivo de supervisar el cumplimiento de las resoluciones del COE Nacional y del Plan de Acci\u00f3n Gubernamental ante la posible ocurrencia del fen\u00f3meno El Ni\u00f1o \u2013 Oscilaci\u00f3n del Sur (ENOS), el Vicepresidente de la Rep\u00fablica, Alfredo Borrero Vega, cumplir\u00e1 una Agenda de trabajo de tres d\u00edas en la provincia de Manab\u00ed.<\/p>\n<p>El martes 11 presidir\u00e1 el COE provincial convocado por el gobernador Hern\u00e1n Barreiro para las 09h30 en la Autoridad Portuaria de Manta; y en el que participar\u00e1n: el ministro del Interior en su calidad de presidente del COE Nacional, autoridades gubernamentales y locales, as\u00ed como los l\u00edderes de las mesas t\u00e9cnicas de trabajo.<\/p>\n<p>En los cantones de la provincia mantendr\u00e1 reuniones con los representantes de diferentes sectores productivos como el agr\u00edcola, pesquero y turismo; a quienes presentar\u00e1 la hoja de ruta del Gobierno Nacional para hacerle frente al ENOS.<\/p>\n<p>En Pedernales, el Segundo Mandatario realizar\u00e1 una visita t\u00e9cnica de verificaci\u00f3n a la infraestructura del Hospital de Pedernales previa a su pr\u00f3xima inauguraci\u00f3n; mientras que en Jipijapa recorrer\u00e1 las instalaciones del Hospital B\u00e1sico del Ministerio de Salud P\u00fablica (MSP).<\/p>\n<p>Con los presidentes de los GAD\u00b4s parroquiales del cant\u00f3n Santa Ana verificar\u00e1 el estado de la infraestructura h\u00eddrica de la represa Poza Honda y participar\u00e1 en la presentaci\u00f3n del plan de repotenciaci\u00f3n a cargo de la Empresa P\u00fablica del Agua EPA.<\/p>\n<p>Mientras que en el cant\u00f3n Sucre impulsar\u00e1 la Campa\u00f1a de vacunaci\u00f3n contra la rubeola, sarampi\u00f3n y poliomielitis del MSP, para proteger a los menores de 12 a\u00f1os de estas enfermedades.<\/p>\n<p>El Gobierno Nacional articula acciones de prevenci\u00f3n, preparaci\u00f3n y respuesta para minimizar los efectos del Fen\u00f3meno El Ni\u00f1o, ante su posible presencia a partir del \u00faltimo trimestre de este a\u00f1o.<\/p>\n","protected":false},"excerpt":{"rendered":"<p>Quito.- Con el objetivo de supervisar el cumplimiento de las resoluciones del COE Nacional y del Plan de Acci\u00f3n Gubernamental ante la posible ocurrencia del fen\u00f3meno El Ni\u00f1o \u2013 Oscilaci\u00f3n del Sur (ENOS), el Vicepresidente de la Rep\u00fablica, Alfredo Borrero Vega, cumplir\u00e1 una Agenda de trabajo de tres d\u00edas en la provincia de Manab\u00ed. El [&hellip;]<\/p>\n","protected":false},"author":2,"featured_media":1044,"comment_status":"open","ping_status":"closed","sticky":false,"template":"","format":"standard","meta":{"_jetpack_memberships_contains_paid_content":false,"footnotes":""},"categories":[13],"tags":[257],"class_list":["post-1043","post","type-post","status-publish","format-standard","has-post-thumbnail","hentry","category-noticias-nacionales","tag-vicepresidente-de-ecuador"],"jetpack_featured_media_url":"https:\/\/radiocresatelital.com\/wp-content\/uploads\/2023\/07\/bf04ddab-7db7-4875-ab6c-f35289af72d1.jpg","jetpack_sharing_enabled":true,"_links":{"self":[{"href":"https:\/\/radiocresatelital.com\/index.php?rest_route=\/wp\/v2\/posts\/1043","targetHints":{"allow":["GET"]}}],"collection":[{"href":"https:\/\/radiocresatelital.com\/index.php?rest_route=\/wp\/v2\/posts"}],"about":[{"href":"https:\/\/radiocresatelital.com\/index.php?rest_route=\/wp\/v2\/types\/post"}],"author":[{"embeddable":true,"href":"https:\/\/radiocresatelital.com\/index.php?rest_route=\/wp\/v2\/users\/2"}],"replies":[{"embeddable":true,"href":"https:\/\/radiocresatelital.com\/index.php?rest_route=%2Fwp%2Fv2%2Fcomments&post=1043"}],"version-history":[{"count":1,"href":"https:\/\/radiocresatelital.com\/index.php?rest_route=\/wp\/v2\/posts\/1043\/revisions"}],"predecessor-version":[{"id":1045,"href":"https:\/\/radiocresatelital.com\/index.php?rest_route=\/wp\/v2\/posts\/1043\/revisions\/1045"}],"wp:featuredmedia":[{"embeddable":true,"href":"https:\/\/radiocresatelital.com\/index.php?rest_route=\/wp\/v2\/media\/1044"}],"wp:attachment":[{"href":"https:\/\/radiocresatelital.com\/index.php?rest_route=%2Fwp%2Fv2%2Fmedia&parent=1043"}],"wp:term":[{"taxonomy":"category","embeddable":true,"href":"https:\/\/radiocresatelital.com\/index.php?rest_route=%2Fwp%2Fv2%2Fcategories&post=1043"},{"taxonomy":"post_tag","embeddable":true,"href":"https:\/\/radiocresatelital.com\/index.php?rest_route=%2Fwp%2Fv2%2Ftags&post=1043"}],"curies":[{"name":"wp","href":"https:\/\/api.w.org\/{rel}","templated":true}]}}