{"id":10425,"date":"2024-01-30T22:58:05","date_gmt":"2024-01-30T22:58:05","guid":{"rendered":"https:\/\/radiocresatelital.com\/?p=10425"},"modified":"2024-01-30T22:58:18","modified_gmt":"2024-01-30T22:58:18","slug":"terminal-terrestre-de-guayaquil-implementa-mecanismo-de-seguridad-para-evitar-que-se-recojan-pasajeros-en-las-vias","status":"publish","type":"post","link":"https:\/\/radiocresatelital.com\/?p=10425","title":{"rendered":"Terminal Terrestre de Guayaquil implementa mecanismo de seguridad para evitar que se recojan pasajeros en las v\u00edas"},"content":{"rendered":"<p>Guayaquil.- La Terminal Terrestre de Guayaquil inform\u00f3 sobre la colocaci\u00f3n de sellos de seguridad que se empez\u00f3 a implementar desde la semana pasada en las puertas de ingreso de los buses interprovinciales. El objetivo es que los buses no recojan pasajeros en las v\u00edas y as\u00ed dar seguridad a los usuarios que salen a diferentes destinos del pa\u00eds.<\/p>\n<p>Son 24 cooperativas interprovinciales que reciben el sello de seguridad y que no pueden ser violentados hasta llegar a la pr\u00f3xima parada de la Terminal Terrestre de Pascuales. Ah\u00ed son verificados por personal administrativo que realiza el conteo de los pasajeros que llegan y que deben coincidir con el n\u00famero de boletos vendidos desde Guayaquil.<\/p>\n<p>El sello se pega en la puerta de acceso al bus y ah\u00ed debe permanecer hasta que llegue al siguiente terminal.<\/p>\n<p>El director de la Fundaci\u00f3n Terminal Terrestre de Guayaquil, Ronald Berm\u00fadez, mencion\u00f3 que \u201cbuscamos brindar seguridad al usuario que se transporta y utiliza estas cooperativas, que se dirigen a V\u00eda a Daule y que pasan por el Terminal Terrestre Municipal de Pascuales\u201d.<\/p>\n<p>Si el sello llega a ser violentado, la administraci\u00f3n de la Terminal de Guayaquil eleva un informe a la Agencia Nacional de Tr\u00e1nsito para que tome las medidas necesarias y sancione a las cooperativas que incumplan con el contrato de operaciones.<br \/>\nMilton Ospina, conductor de un bus interprovincial, dijo que \u201cesto est\u00e1 bien, nosotros somos directos no cogemos pasajeros en el camino, vamos con la puerta cerrada.<\/p>\n<p>Antes de subir los pasajeros el guardia de seguridad de la terminal chequea al usuario.<\/p>\n<p>Estamos totalmente de acuerdo\u201d. En los pr\u00f3ximos d\u00edas, la administraci\u00f3n de la Terminal de Guayaquil mantendr\u00e1 reuniones con los funcionarios de la Terminal Terrestre de Dur\u00e1n para que las cooperativas que van hacia all\u00e1 tambi\u00e9n tengan las mismas garant\u00edas de seguridad.<\/p>\n","protected":false},"excerpt":{"rendered":"<p>Guayaquil.- La Terminal Terrestre de Guayaquil inform\u00f3 sobre la colocaci\u00f3n de sellos de seguridad que se empez\u00f3 a implementar desde la semana pasada en las puertas de ingreso de los buses interprovinciales. El objetivo es que los buses no recojan pasajeros en las v\u00edas y as\u00ed dar seguridad a los usuarios que salen a diferentes [&hellip;]<\/p>\n","protected":false},"author":2,"featured_media":10426,"comment_status":"open","ping_status":"closed","sticky":false,"template":"","format":"standard","meta":{"_jetpack_memberships_contains_paid_content":false,"footnotes":""},"categories":[33,13],"tags":[114],"class_list":["post-10425","post","type-post","status-publish","format-standard","has-post-thumbnail","hentry","category-guayaquil","category-noticias-nacionales","tag-municipio-de-guayaquil"],"jetpack_featured_media_url":"https:\/\/radiocresatelital.com\/wp-content\/uploads\/2024\/01\/image00001-4-scaled.jpeg","jetpack_sharing_enabled":true,"_links":{"self":[{"href":"https:\/\/radiocresatelital.com\/index.php?rest_route=\/wp\/v2\/posts\/10425","targetHints":{"allow":["GET"]}}],"collection":[{"href":"https:\/\/radiocresatelital.com\/index.php?rest_route=\/wp\/v2\/posts"}],"about":[{"href":"https:\/\/radiocresatelital.com\/index.php?rest_route=\/wp\/v2\/types\/post"}],"author":[{"embeddable":true,"href":"https:\/\/radiocresatelital.com\/index.php?rest_route=\/wp\/v2\/users\/2"}],"replies":[{"embeddable":true,"href":"https:\/\/radiocresatelital.com\/index.php?rest_route=%2Fwp%2Fv2%2Fcomments&post=10425"}],"version-history":[{"count":1,"href":"https:\/\/radiocresatelital.com\/index.php?rest_route=\/wp\/v2\/posts\/10425\/revisions"}],"predecessor-version":[{"id":10427,"href":"https:\/\/radiocresatelital.com\/index.php?rest_route=\/wp\/v2\/posts\/10425\/revisions\/10427"}],"wp:featuredmedia":[{"embeddable":true,"href":"https:\/\/radiocresatelital.com\/index.php?rest_route=\/wp\/v2\/media\/10426"}],"wp:attachment":[{"href":"https:\/\/radiocresatelital.com\/index.php?rest_route=%2Fwp%2Fv2%2Fmedia&parent=10425"}],"wp:term":[{"taxonomy":"category","embeddable":true,"href":"https:\/\/radiocresatelital.com\/index.php?rest_route=%2Fwp%2Fv2%2Fcategories&post=10425"},{"taxonomy":"post_tag","embeddable":true,"href":"https:\/\/radiocresatelital.com\/index.php?rest_route=%2Fwp%2Fv2%2Ftags&post=10425"}],"curies":[{"name":"wp","href":"https:\/\/api.w.org\/{rel}","templated":true}]}}