{"id":10422,"date":"2024-01-30T20:42:37","date_gmt":"2024-01-30T20:42:37","guid":{"rendered":"https:\/\/radiocresatelital.com\/?p=10422"},"modified":"2024-01-30T22:46:21","modified_gmt":"2024-01-30T22:46:21","slug":"permanencia-de-la-pista-atletica-de-mondo-en-azuay-sera-solicitada-oficialmente-por-el-ministerio-del-deporte","status":"publish","type":"post","link":"https:\/\/radiocresatelital.com\/?p=10422","title":{"rendered":"Permanencia de la pista atl\u00e9tica de Mondo en Azuay ser\u00e1 solicitada oficialmente por el Ministerio del Deporte"},"content":{"rendered":"<p>Cuenca.- En su visita a la capital azuaya, el Ministro del Deporte, Andr\u00e9s Guschmer, anunci\u00f3 a los medios de comunicaci\u00f3n que pedir\u00e1 oficialmente a Panam Sports que el anillo atl\u00e9tico, donado por dicha instituci\u00f3n a la Federaci\u00f3n Deportiva del Azuay (Fedeazuay), se quede en Cuenca.<\/p>\n<p>Para ello, el titular de esta cartera de estado participa en una cita de trabajo con el grupo empresarial que est\u00e1 invirtiendo en la construcci\u00f3n de la pista a trav\u00e9s de un proyecto aprobado por este Ministerio con relaci\u00f3n al incentivo Tributario.<\/p>\n<p>\u201cHoy mantendremos una reuni\u00f3n con el Grupo Ortiz para conocer exactamente cu\u00e1l ser\u00eda el tiempo en el cual la obra civil estar\u00eda terminada. Ma\u00f1ana vamos a enviar un oficio responsabiliz\u00e1ndonos, como Ministerio del Deporte, de la informaci\u00f3n que vamos a incluir y solicitaremos de manera oficial que la pista permanezca en Cuenca para ser instalada en el momento en que la obra civil est\u00e9 culminada\u201d, afirm\u00f3 Guschmer.<\/p>\n<p>As\u00ed lo comunic\u00f3 esta tarde a los medios de comunicaci\u00f3n, destacando la importancia de consolidar la infraestructura deportiva y asegurar la permanencia de este valioso recurso para los ecuatorianos.<\/p>\n<p>En otro frente, el Ministro Andr\u00e9s Guschmer, anunci\u00f3 que en respuesta al primer acercamiento de Nataly Villavicencio, presidenta de Deportivo Cuenca, se est\u00e1 buscando un predio para la construcci\u00f3n del nuevo complejo del club.<\/p>\n<p>\u201cTenemos el compromiso de Presidencia de que (en el momento en el que se encuentre este predio) haremos las gestiones para que el Deportivo Cuenca lo reciba y pueda levantar sus nuevas canchas y su complejo de entrenamiento\u201d, enfatiz\u00f3.<\/p>\n<p>Asimismo, mencion\u00f3 la posibilidad de impulsar un proyecto conjunto entre El Nuevo Ecuador, la empresa privada y el Deportivo Cuenca para el desarrollo del nuevo estadio Alejandro Serrano Aguilar.<\/p>\n<p>Antes de concluir sus declaraciones a la prensa, el Ministro Guschmer abord\u00f3 la compleja situaci\u00f3n jur\u00eddica del Centro de Entrenamiento de Alto Rendimiento de la ciudad, destacando la b\u00fasqueda de otro terreno con el apoyo del Presidente,<br \/>\nGobierno y Ministerio de Deporte para su restablecimiento.<\/p>\n","protected":false},"excerpt":{"rendered":"<p>Cuenca.- En su visita a la capital azuaya, el Ministro del Deporte, Andr\u00e9s Guschmer, anunci\u00f3 a los medios de comunicaci\u00f3n que pedir\u00e1 oficialmente a Panam Sports que el anillo atl\u00e9tico, donado por dicha instituci\u00f3n a la Federaci\u00f3n Deportiva del Azuay (Fedeazuay), se quede en Cuenca. Para ello, el titular de esta cartera de estado participa [&hellip;]<\/p>\n","protected":false},"author":2,"featured_media":10423,"comment_status":"open","ping_status":"closed","sticky":false,"template":"","format":"standard","meta":{"_jetpack_memberships_contains_paid_content":false,"footnotes":""},"categories":[9],"tags":[169],"class_list":["post-10422","post","type-post","status-publish","format-standard","has-post-thumbnail","hentry","category-deportes","tag-ministerio-del-deporte"],"jetpack_featured_media_url":"https:\/\/radiocresatelital.com\/wp-content\/uploads\/2024\/01\/67bab3c4-b69c-46bb-9549-a95f74be2a09-scaled.jpeg","jetpack_sharing_enabled":true,"_links":{"self":[{"href":"https:\/\/radiocresatelital.com\/index.php?rest_route=\/wp\/v2\/posts\/10422","targetHints":{"allow":["GET"]}}],"collection":[{"href":"https:\/\/radiocresatelital.com\/index.php?rest_route=\/wp\/v2\/posts"}],"about":[{"href":"https:\/\/radiocresatelital.com\/index.php?rest_route=\/wp\/v2\/types\/post"}],"author":[{"embeddable":true,"href":"https:\/\/radiocresatelital.com\/index.php?rest_route=\/wp\/v2\/users\/2"}],"replies":[{"embeddable":true,"href":"https:\/\/radiocresatelital.com\/index.php?rest_route=%2Fwp%2Fv2%2Fcomments&post=10422"}],"version-history":[{"count":1,"href":"https:\/\/radiocresatelital.com\/index.php?rest_route=\/wp\/v2\/posts\/10422\/revisions"}],"predecessor-version":[{"id":10424,"href":"https:\/\/radiocresatelital.com\/index.php?rest_route=\/wp\/v2\/posts\/10422\/revisions\/10424"}],"wp:featuredmedia":[{"embeddable":true,"href":"https:\/\/radiocresatelital.com\/index.php?rest_route=\/wp\/v2\/media\/10423"}],"wp:attachment":[{"href":"https:\/\/radiocresatelital.com\/index.php?rest_route=%2Fwp%2Fv2%2Fmedia&parent=10422"}],"wp:term":[{"taxonomy":"category","embeddable":true,"href":"https:\/\/radiocresatelital.com\/index.php?rest_route=%2Fwp%2Fv2%2Fcategories&post=10422"},{"taxonomy":"post_tag","embeddable":true,"href":"https:\/\/radiocresatelital.com\/index.php?rest_route=%2Fwp%2Fv2%2Ftags&post=10422"}],"curies":[{"name":"wp","href":"https:\/\/api.w.org\/{rel}","templated":true}]}}