{"id":10408,"date":"2024-01-30T21:20:06","date_gmt":"2024-01-30T21:20:06","guid":{"rendered":"https:\/\/radiocresatelital.com\/?p=10408"},"modified":"2024-01-30T21:20:06","modified_gmt":"2024-01-30T21:20:06","slug":"equipos-ecuatorianos-sub-19-y-absoluto-buscan-clasificar-a-los-mundiales-del-voleibol-playa","status":"publish","type":"post","link":"https:\/\/radiocresatelital.com\/?p=10408","title":{"rendered":"Equipos ecuatorianos sub 19 y absoluto buscan clasificar a los mundiales del v\u00f3leibol playa"},"content":{"rendered":"<p>Portoviejo. \u2013 Con el objetivo de llegar al mundial del voleibol playero y gracias a la entrega oportuna de recursos por parte del Ministerio del Deporte para su preparaci\u00f3n, los equipos ecuatorianos sub 19 y absoluto comenzaron su planificaci\u00f3n para disputar los eventos clasificatorios que se inician en febrero.<\/p>\n<p>El primer evento ser\u00e1 el Sudamericano sub 19, con sede en Uruguay, donde nuestros representantes Isaac Jim\u00e9nez, Jos\u00e9 Ignacio Murillo, Martina Mullo y Valeria Miqueta, competir\u00e1n del 2 al 4 de febrero.<\/p>\n<p>\u201cEl evento es clasificatorio para el mundial a realizarse a finales de agosto en China. Contamos con lo m\u00e1s destacado del pa\u00eds en esta categor\u00eda, hemos realizado un trabajo arduo en la parte f\u00ed sica, t\u00e9cnica y t\u00e1ctica, aspirando colocarnos en los primeros lugares\u201d, expreso Ramo n Ferreira G\u00f3mez, entrenador del equipo tricolor.<\/p>\n<p>La segunda etapa de este clasificatorio se llevara a efecto en Ecuador, del 29 al 31 de marzo. Este viernes se confirmara la sede del certamen, que tiene como candidatas a las ciudades de Quito, Guayaquil y Portoviejo.<\/p>\n<p>Mientras tanto el equipo absoluto liderado por Danny Leo n, Ronald Qu\u00f1onez, Arianna Vilela y Valeska Ch\u00e1vez, ser\u00e1n nuestros representantes en la Tercera Parada Sudamericana, que se jugara del 6 al 8 del pr\u00f3ximo mes en Cochabamba, Bolivia.<\/p>\n<p>\u201cEstoy convencido que iniciaremos un gran a\u00f1o con estas competencias ya que los chicos se han esmerado en cada entrenamiento\u201d, destaco Ferreira.<\/p>\n<p>Luego de Bolivia, nuestros compatriotas disputara n la Cuarta Parada Sudamericana en Rancagua, Chile, del 23 al 25 de febrero. Este evento es clasificatorio para la Copa del Mundo, a cumplirse en el 2025 en Australia.<\/p>\n<p>La \u00faltima participaci\u00f3n del voleibol playa ecuatoriano absoluto en un certamen internacional, fue en los Juegos Panamericanos Santiago 2023, en octubre pasado.<\/p>\n","protected":false},"excerpt":{"rendered":"<p>Portoviejo. \u2013 Con el objetivo de llegar al mundial del voleibol playero y gracias a la entrega oportuna de recursos por parte del Ministerio del Deporte para su preparaci\u00f3n, los equipos ecuatorianos sub 19 y absoluto comenzaron su planificaci\u00f3n para disputar los eventos clasificatorios que se inician en febrero. El primer evento ser\u00e1 el Sudamericano [&hellip;]<\/p>\n","protected":false},"author":2,"featured_media":10409,"comment_status":"open","ping_status":"closed","sticky":false,"template":"","format":"standard","meta":{"_jetpack_memberships_contains_paid_content":false,"footnotes":""},"categories":[9],"tags":[169],"class_list":["post-10408","post","type-post","status-publish","format-standard","has-post-thumbnail","hentry","category-deportes","tag-ministerio-del-deporte"],"jetpack_featured_media_url":"https:\/\/radiocresatelital.com\/wp-content\/uploads\/2024\/01\/06e2200f-2b97-48b9-bf57-aeea0cb69e75.jpeg","jetpack_sharing_enabled":true,"_links":{"self":[{"href":"https:\/\/radiocresatelital.com\/index.php?rest_route=\/wp\/v2\/posts\/10408","targetHints":{"allow":["GET"]}}],"collection":[{"href":"https:\/\/radiocresatelital.com\/index.php?rest_route=\/wp\/v2\/posts"}],"about":[{"href":"https:\/\/radiocresatelital.com\/index.php?rest_route=\/wp\/v2\/types\/post"}],"author":[{"embeddable":true,"href":"https:\/\/radiocresatelital.com\/index.php?rest_route=\/wp\/v2\/users\/2"}],"replies":[{"embeddable":true,"href":"https:\/\/radiocresatelital.com\/index.php?rest_route=%2Fwp%2Fv2%2Fcomments&post=10408"}],"version-history":[{"count":1,"href":"https:\/\/radiocresatelital.com\/index.php?rest_route=\/wp\/v2\/posts\/10408\/revisions"}],"predecessor-version":[{"id":10410,"href":"https:\/\/radiocresatelital.com\/index.php?rest_route=\/wp\/v2\/posts\/10408\/revisions\/10410"}],"wp:featuredmedia":[{"embeddable":true,"href":"https:\/\/radiocresatelital.com\/index.php?rest_route=\/wp\/v2\/media\/10409"}],"wp:attachment":[{"href":"https:\/\/radiocresatelital.com\/index.php?rest_route=%2Fwp%2Fv2%2Fmedia&parent=10408"}],"wp:term":[{"taxonomy":"category","embeddable":true,"href":"https:\/\/radiocresatelital.com\/index.php?rest_route=%2Fwp%2Fv2%2Fcategories&post=10408"},{"taxonomy":"post_tag","embeddable":true,"href":"https:\/\/radiocresatelital.com\/index.php?rest_route=%2Fwp%2Fv2%2Ftags&post=10408"}],"curies":[{"name":"wp","href":"https:\/\/api.w.org\/{rel}","templated":true}]}}