{"id":10399,"date":"2024-01-30T18:57:21","date_gmt":"2024-01-30T18:57:21","guid":{"rendered":"https:\/\/radiocresatelital.com\/?p=10399"},"modified":"2024-01-30T18:57:21","modified_gmt":"2024-01-30T18:57:21","slug":"la-primera-feria-ciudadana-del-2024-se-realizara-en-el-parque-forestal","status":"publish","type":"post","link":"https:\/\/radiocresatelital.com\/?p=10399","title":{"rendered":"La primera feria ciudadana del 2024 se realizar\u00e1 en el Parque Forestal"},"content":{"rendered":"<p>Guayaquil.- La Direcci\u00f3n de Aseo Cantonal, Mercados y Servicios Especiales (DACMSE) realizar\u00e1 la VIII Feria Ciudadana y Gastron\u00f3mica en el Parque Forestal, de 10:00 a 17:00, este domingo 4 de febrero de<br \/>\n2024.<\/p>\n<p>En esta feria participar\u00e1n 300 comerciantes aut\u00f3nomos, que previamente fueron capacitados en servicio al cliente y manipulaci\u00f3n de alimentos. Adem\u00e1s, la feria contar\u00e1 con la participaci\u00f3n de la Empresa P\u00fablica de Turismo, Relaciones Internacionales y Cultura de Guayaquil EP, que instalar\u00e1 un patio gastron\u00f3mico con la participaci\u00f3n de 15 establecimientos de comida tradicionales.<\/p>\n<p>La feria contar\u00e1 con la participaci\u00f3n de artistas nacionales, la intervenci\u00f3n de la Banda Municipal y dem\u00e1s servicios municipales, adem\u00e1s se contar\u00e1 con la presencia de agentes de control municipales (SEGURA EP) y agentes de control de tr\u00e1nsito (ATM).<\/p>\n<p>Desde que se inici\u00f3 la administraci\u00f3n del Alcalde Aquiles Alvarez se han desarrollado siete ferias ciudadanas con el objetivo de que los comerciantes aut\u00f3nomos realicen sus ventas de una forma<br \/>\nordenada, limpia y segura.<\/p>\n<p>M\u00e1s de 8.000 comerciantes aut\u00f3nomos han sido censados y m\u00e1s de 25.000 usuarios de diversos puntos de la ciudad han asistido a las ferias ciudadanas.<\/p>\n","protected":false},"excerpt":{"rendered":"<p>Guayaquil.- La Direcci\u00f3n de Aseo Cantonal, Mercados y Servicios Especiales (DACMSE) realizar\u00e1 la VIII Feria Ciudadana y Gastron\u00f3mica en el Parque Forestal, de 10:00 a 17:00, este domingo 4 de febrero de 2024. En esta feria participar\u00e1n 300 comerciantes aut\u00f3nomos, que previamente fueron capacitados en servicio al cliente y manipulaci\u00f3n de alimentos. Adem\u00e1s, la feria [&hellip;]<\/p>\n","protected":false},"author":2,"featured_media":10400,"comment_status":"open","ping_status":"closed","sticky":false,"template":"","format":"standard","meta":{"_jetpack_memberships_contains_paid_content":false,"footnotes":""},"categories":[13],"tags":[443],"class_list":["post-10399","post","type-post","status-publish","format-standard","has-post-thumbnail","hentry","category-noticias-nacionales","tag-dacmse"],"jetpack_featured_media_url":"https:\/\/radiocresatelital.com\/wp-content\/uploads\/2024\/01\/GFF1MH2XoAAAiN9.jpg","jetpack_sharing_enabled":true,"_links":{"self":[{"href":"https:\/\/radiocresatelital.com\/index.php?rest_route=\/wp\/v2\/posts\/10399","targetHints":{"allow":["GET"]}}],"collection":[{"href":"https:\/\/radiocresatelital.com\/index.php?rest_route=\/wp\/v2\/posts"}],"about":[{"href":"https:\/\/radiocresatelital.com\/index.php?rest_route=\/wp\/v2\/types\/post"}],"author":[{"embeddable":true,"href":"https:\/\/radiocresatelital.com\/index.php?rest_route=\/wp\/v2\/users\/2"}],"replies":[{"embeddable":true,"href":"https:\/\/radiocresatelital.com\/index.php?rest_route=%2Fwp%2Fv2%2Fcomments&post=10399"}],"version-history":[{"count":1,"href":"https:\/\/radiocresatelital.com\/index.php?rest_route=\/wp\/v2\/posts\/10399\/revisions"}],"predecessor-version":[{"id":10401,"href":"https:\/\/radiocresatelital.com\/index.php?rest_route=\/wp\/v2\/posts\/10399\/revisions\/10401"}],"wp:featuredmedia":[{"embeddable":true,"href":"https:\/\/radiocresatelital.com\/index.php?rest_route=\/wp\/v2\/media\/10400"}],"wp:attachment":[{"href":"https:\/\/radiocresatelital.com\/index.php?rest_route=%2Fwp%2Fv2%2Fmedia&parent=10399"}],"wp:term":[{"taxonomy":"category","embeddable":true,"href":"https:\/\/radiocresatelital.com\/index.php?rest_route=%2Fwp%2Fv2%2Fcategories&post=10399"},{"taxonomy":"post_tag","embeddable":true,"href":"https:\/\/radiocresatelital.com\/index.php?rest_route=%2Fwp%2Fv2%2Ftags&post=10399"}],"curies":[{"name":"wp","href":"https:\/\/api.w.org\/{rel}","templated":true}]}}