{"id":10347,"date":"2024-01-29T18:11:30","date_gmt":"2024-01-29T18:11:30","guid":{"rendered":"https:\/\/radiocresatelital.com\/?p=10347"},"modified":"2024-01-29T18:11:30","modified_gmt":"2024-01-29T18:11:30","slug":"estamos-listos-para-enfrentar-a-egipto-raul-viver","status":"publish","type":"post","link":"https:\/\/radiocresatelital.com\/?p=10347","title":{"rendered":"Estamos listos para enfrentar a Egipto, Ra\u00fal V\u00edver"},"content":{"rendered":"<p>El Cairo.- El capit\u00e1n Ra\u00fal Viver destac\u00f3 el nivel del equipo ecuatoriano que afrontar\u00e1 la serie ante Egipto por los play-offs del Grupo Mundial 1 de Copa Davis a jugarse el 2 y 3 de febrero en el Gezira Sporting Club de El Cairo.<\/p>\n<p>Este domingo 28 de enero en la cancha central del club sede se realiz\u00f3 el primer entrenamiento con Emilio G\u00f3mez y \u00c1lvaro Guill\u00e9n, dos de los cuatro integrantes del equipo. Antes los jugadores estuvieron cumpliendo trabajos f\u00edsicos junto al preparador f\u00edsico Ramiro Cocina.<\/p>\n<p>\u201cEstamos conscientes de lo importante que es esta serie para llegar nuevamente a unas finales de Copa Davis el pr\u00f3ximo a\u00f1o. En el ranking nosotros estamos mejor que los egipcios, que tienen en Mohamed Safwat, a su mejor e incluso ser\u00e1 el capit\u00e1n de su equipo\u201d, acot\u00f3 Viver.<\/p>\n<p>Lament\u00f3 que en esta ocasi\u00f3n no est\u00e9 con el grupo Gonzalo Escobar. \u201cHabl\u00e9 con Gonzalo (Escobar) y me manifest\u00f3 que solo por esta ocasi\u00f3n no puede acompa\u00f1arnos, ya que \u00e9l siempre ha estado listo para defender a Ecuador en esta competencia, pero tiene un calendario muy complicad y lo entendemos, pero estamos seguros que en septiembre nos acompa\u00f1ar\u00e1\u201d.<\/p>\n<p>Destac\u00f3 que conf\u00eda en todo el equipo, y que Emilio G\u00f3mez, \u00c1lvaro Guill\u00e9n o Andr\u00e9s Andrade est\u00e1n capacitados para acompa\u00f1ar a Diego Hidalgo en el partido de dobles. \u201cBuscaremos la mejor opci\u00f3n de dupla. Este punto es muy importante en esta serie, Emilio ha jugado con Diego, y los otros integrantes juegan bien el dobles&#8230; est\u00e1bamos con la incertidumbre que Emilio no est\u00e9 para esta serie por un problema en su mu\u00f1eca, pero ha mejorado, y por eso nos acompa\u00f1a y este domingo entren\u00f3 junto a \u00c1lvaro\u201d, destac\u00f3 el capit\u00e1n del equipo tricolor.<\/p>\n<p>La serie deb\u00eda jugarse en el Salinas Golf &amp; Tenis Club el 2 y 3 de febrero de 2024, pero se traslad\u00f3 a El Cairo (Egipto), por la situaci\u00f3n de seguridad en Ecuador, decisi\u00f3n adoptada por el Comit\u00e9 de Copa Davis de la Federaci\u00f3n Internacional de Tenis (ITF, por sus siglas en ingl\u00e9s).<\/p>\n<p>Los ecuatorianos llegan a esta instancia tras vencer 3-1 en septiembre pasado a M\u00f3naco en condici\u00f3n de visitante. En tanto que, en el Carrasco Lawn Tennis Club de Montevideo, Egipto venci\u00f3 3-1 a Uruguay.<\/p>\n<p>La serie se jugar\u00e1 al mejor de cinco partidos, con dos partidos individuales el primer d\u00eda (viernes), seguidos del partido de dobles y los dos partidos individuales inversos el segundo d\u00eda (s\u00e1bado). Todos los partidos se juegan en sets de desempate al mejor de tres.<\/p>\n<p>Las naciones ganadoras de los playoffs del Grupo Mundial I competir\u00e1n en las eliminatorias del Grupo Mundial I en septiembre de 2024, junto con las 12 naciones perdedoras de los Qualifiers 2024, que tambi\u00e9n tendr\u00e1n lugar en febrero.<\/p>\n<p>Las naciones perdedoras de los play-offs del Grupo Mundial I y las naciones ganadoras de los playoffs del Grupo Mundial II competir\u00e1n en las eliminatorias del Grupo Mundial II en septiembre de 2024.<\/p>\n","protected":false},"excerpt":{"rendered":"<p>El Cairo.- El capit\u00e1n Ra\u00fal Viver destac\u00f3 el nivel del equipo ecuatoriano que afrontar\u00e1 la serie ante Egipto por los play-offs del Grupo Mundial 1 de Copa Davis a jugarse el 2 y 3 de febrero en el Gezira Sporting Club de El Cairo. Este domingo 28 de enero en la cancha central del club [&hellip;]<\/p>\n","protected":false},"author":2,"featured_media":10348,"comment_status":"open","ping_status":"closed","sticky":false,"template":"","format":"standard","meta":{"_jetpack_memberships_contains_paid_content":false,"footnotes":""},"categories":[736,9,64],"tags":[695],"class_list":["post-10347","post","type-post","status-publish","format-standard","has-post-thumbnail","hentry","category-copa-davis","category-deportes","category-tenis","tag-copa-davis"],"jetpack_featured_media_url":"https:\/\/radiocresatelital.com\/wp-content\/uploads\/2024\/01\/2ccb7ae0-68ff-4577-a66b-ffca2205c984.jpg","jetpack_sharing_enabled":true,"_links":{"self":[{"href":"https:\/\/radiocresatelital.com\/index.php?rest_route=\/wp\/v2\/posts\/10347","targetHints":{"allow":["GET"]}}],"collection":[{"href":"https:\/\/radiocresatelital.com\/index.php?rest_route=\/wp\/v2\/posts"}],"about":[{"href":"https:\/\/radiocresatelital.com\/index.php?rest_route=\/wp\/v2\/types\/post"}],"author":[{"embeddable":true,"href":"https:\/\/radiocresatelital.com\/index.php?rest_route=\/wp\/v2\/users\/2"}],"replies":[{"embeddable":true,"href":"https:\/\/radiocresatelital.com\/index.php?rest_route=%2Fwp%2Fv2%2Fcomments&post=10347"}],"version-history":[{"count":1,"href":"https:\/\/radiocresatelital.com\/index.php?rest_route=\/wp\/v2\/posts\/10347\/revisions"}],"predecessor-version":[{"id":10349,"href":"https:\/\/radiocresatelital.com\/index.php?rest_route=\/wp\/v2\/posts\/10347\/revisions\/10349"}],"wp:featuredmedia":[{"embeddable":true,"href":"https:\/\/radiocresatelital.com\/index.php?rest_route=\/wp\/v2\/media\/10348"}],"wp:attachment":[{"href":"https:\/\/radiocresatelital.com\/index.php?rest_route=%2Fwp%2Fv2%2Fmedia&parent=10347"}],"wp:term":[{"taxonomy":"category","embeddable":true,"href":"https:\/\/radiocresatelital.com\/index.php?rest_route=%2Fwp%2Fv2%2Fcategories&post=10347"},{"taxonomy":"post_tag","embeddable":true,"href":"https:\/\/radiocresatelital.com\/index.php?rest_route=%2Fwp%2Fv2%2Ftags&post=10347"}],"curies":[{"name":"wp","href":"https:\/\/api.w.org\/{rel}","templated":true}]}}