{"id":10331,"date":"2024-01-27T22:34:07","date_gmt":"2024-01-27T22:34:07","guid":{"rendered":"https:\/\/radiocresatelital.com\/?p=10331"},"modified":"2024-01-27T22:35:03","modified_gmt":"2024-01-27T22:35:03","slug":"orense-sc-continua-con-su-preparacion-previo-al-inicio-de-liga-pro","status":"publish","type":"post","link":"https:\/\/radiocresatelital.com\/?p=10331","title":{"rendered":"Orense SC contin\u00faa con su preparaci\u00f3n previo al inicio de Liga Pro"},"content":{"rendered":"<p>Machala.- Con goles de Agust\u00edn Herrera, en dos oportunidades, y de Gabriel Achilier; Orense Sporting Club derrot\u00f3 3&#215;0 a Udinense F.C., de la provincia de Ca\u00f1ar, en el primero de los 2 duelos preparatorios realizados durante la pr\u00e1ctica de este s\u00e1bado 27 de enero.<\/p>\n<p>El equipo de El Oro aline\u00f3 en el primer encuentro con el siguiente 11 inicial:<\/p>\n<p>Rolando Silva, en el arco; Pedro Pablo Velasco, Gabriel Achilier, Bryan Qui\u00f1\u00f3nez, Jos\u00e9 Monaga, en la defensa; Santiago Kubiszyn, Richard Calder\u00f3n, Cristian Barros, en la zona medular; Marcelo Eggel, Robert Burbano y Agust\u00edn Herrera, en ofensiva.<\/p>\n<p>Se registr\u00f3 un \u00fanico cambio en este encuentro. Sali\u00f3 Bryan Qui\u00f1\u00f3nez (por lesi\u00f3n) e ingres\u00f3 Steeven Qui\u00f1\u00f3nez.<\/p>\n<p>Mientras que en el segundo encuentro, el equipo de la provincia empat\u00f3 1&#215;1 ante este mismo rival. El gol de Orense lo marc\u00f3 Agust\u00edn Maziero.<\/p>\n<p>El Director T\u00e9cnico del cuadro verde, Nicol\u00e1s Chietino, form\u00f3 en el segundo partido con:<\/p>\n<p>Jos\u00e9 C\u00e1rdenas, en la porter\u00eda, Mayela P\u00e9rez, Steeven Qui\u00f1\u00f3nez, Yandry Mosquera y Bryan Vi\u00f1\u00e1n, en la l\u00ednea defensiva; Sergio V\u00e1squez, Marvin Ort\u00edz y Jos\u00e9 Miguel Andrade, como mediocampistas; mientras que Erick Zambrano, Dany Coronel y Agust\u00edn Maziero, fueron los hombres de ataque.<\/p>\n<p>Victor Criollo, Wilson Chuchuca y el reci\u00e9n incorporado Ariel Su\u00e1rez, ingresaron al cambio durante este cotejo comprobatorio.<\/p>\n","protected":false},"excerpt":{"rendered":"<p>Machala.- Con goles de Agust\u00edn Herrera, en dos oportunidades, y de Gabriel Achilier; Orense Sporting Club derrot\u00f3 3&#215;0 a Udinense F.C., de la provincia de Ca\u00f1ar, en el primero de los 2 duelos preparatorios realizados durante la pr\u00e1ctica de este s\u00e1bado 27 de enero. El equipo de El Oro aline\u00f3 en el primer encuentro con [&hellip;]<\/p>\n","protected":false},"author":2,"featured_media":10332,"comment_status":"open","ping_status":"closed","sticky":false,"template":"","format":"standard","meta":{"_jetpack_memberships_contains_paid_content":false,"footnotes":""},"categories":[626,73],"tags":[360],"class_list":["post-10331","post","type-post","status-publish","format-standard","has-post-thumbnail","hentry","category-futbol-nacional","category-liga-pro","tag-orense-sc"],"jetpack_featured_media_url":"https:\/\/radiocresatelital.com\/wp-content\/uploads\/2024\/01\/3bffa90c-5971-45c5-9454-fc70c9a52cef-scaled.jpeg","jetpack_sharing_enabled":true,"_links":{"self":[{"href":"https:\/\/radiocresatelital.com\/index.php?rest_route=\/wp\/v2\/posts\/10331","targetHints":{"allow":["GET"]}}],"collection":[{"href":"https:\/\/radiocresatelital.com\/index.php?rest_route=\/wp\/v2\/posts"}],"about":[{"href":"https:\/\/radiocresatelital.com\/index.php?rest_route=\/wp\/v2\/types\/post"}],"author":[{"embeddable":true,"href":"https:\/\/radiocresatelital.com\/index.php?rest_route=\/wp\/v2\/users\/2"}],"replies":[{"embeddable":true,"href":"https:\/\/radiocresatelital.com\/index.php?rest_route=%2Fwp%2Fv2%2Fcomments&post=10331"}],"version-history":[{"count":1,"href":"https:\/\/radiocresatelital.com\/index.php?rest_route=\/wp\/v2\/posts\/10331\/revisions"}],"predecessor-version":[{"id":10333,"href":"https:\/\/radiocresatelital.com\/index.php?rest_route=\/wp\/v2\/posts\/10331\/revisions\/10333"}],"wp:featuredmedia":[{"embeddable":true,"href":"https:\/\/radiocresatelital.com\/index.php?rest_route=\/wp\/v2\/media\/10332"}],"wp:attachment":[{"href":"https:\/\/radiocresatelital.com\/index.php?rest_route=%2Fwp%2Fv2%2Fmedia&parent=10331"}],"wp:term":[{"taxonomy":"category","embeddable":true,"href":"https:\/\/radiocresatelital.com\/index.php?rest_route=%2Fwp%2Fv2%2Fcategories&post=10331"},{"taxonomy":"post_tag","embeddable":true,"href":"https:\/\/radiocresatelital.com\/index.php?rest_route=%2Fwp%2Fv2%2Ftags&post=10331"}],"curies":[{"name":"wp","href":"https:\/\/api.w.org\/{rel}","templated":true}]}}