{"id":10295,"date":"2024-01-26T23:35:47","date_gmt":"2024-01-26T23:35:47","guid":{"rendered":"https:\/\/radiocresatelital.com\/?p=10295"},"modified":"2024-01-26T23:35:47","modified_gmt":"2024-01-26T23:35:47","slug":"angie-palacios-y-daniel-pintado-los-mejores-del-2023","status":"publish","type":"post","link":"https:\/\/radiocresatelital.com\/?p=10295","title":{"rendered":"Angie Palacios y Daniel Pintado los mejores del 2023"},"content":{"rendered":"<p>Guayaquil.- La halterista y el marchista se llevaron el Trofeo Citius Altius Fortius. La luchadora Luc\u00eda Y\u00e9pez y el pentatleta Andr\u00e9s Torres fueron designados como los mejores deportistas juveniles, categor\u00eda U23.<\/p>\n<p>La Gala Ol\u00edmpica 2023 congreg\u00f3 a los atletas m\u00e1s destacados del a\u00f1o en el Hotel Tryp Guayaquil. Por motivos de seguridad ante el estado de excepci\u00f3n vigente se desarroll\u00f3 durante el medio d\u00eda.<\/p>\n<p>La cita congreg\u00f3 a las m\u00e1ximas autoridades del deporte nacional como son el presidente del COE Jorge Delgado y el Ministro del Deporte Andr\u00e9s Guschmer. Adem\u00e1s de los miembros del directorio del COE y los presidentes de las Federaciones Ecuatorianas por Deporte.<br aria-hidden=\"true\" \/><br aria-hidden=\"true\" \/><strong>RECONOCIMIENTOS<\/strong><\/p>\n<p>Los primeros en desfilar por el escenario fueron los medallistas de oro de los Juegos Suramericanos de Playa en Santa Marta, los triatletas Juan Jos\u00e9 Andrade, Paula Vega y Gabriel Ter\u00e1n (Paula Jara no pudo estar presente) y el entrenador Rafael Parra en representaci\u00f3n de la hist\u00f3rica tenista de playa Mar\u00eda Emilia Quintana.<\/p>\n<p>Luego se reconoci\u00f3 a los medallistas de oro, plata y bronce de los Juegos Panamericanos Santiago 2023. Todos recibieron una portada personalizada de su logro en esta justa deportivas. Los entrenadores que llevaron a la gloria a sus dirigidos tambi\u00e9n fueron reconocidos.<\/p>\n<p>Andr\u00e9s Monta\u00f1o recibi\u00f3 el premio a la excelencia luego de que la Confederaci\u00f3n Panamericana de Lucha Asociados anunciar\u00e1 que el luchador ser\u00e1 parte del Sal\u00f3n de la Fama por sus logros deportivos entre los que destacan sus dos medallas de oro en Juegos Panamericanos. Las halteristas Kelin Jim\u00e9nez y Jessica Palacios, campeona y subcampeona mundial juvenil tambi\u00e9n recibieron un reconocimiento.<\/p>\n<p><strong>LOS MEJORES DEL 2023<\/strong><\/p>\n<p>Finalmente lleg\u00f3 el momento esperado, los m\u00e1ximos galardones del a\u00f1o. El premio a mejor deportista juvenil fue develado por la maratonista Silvia Ortiz, recordista nacional y clasificada a los Juegos Ol\u00edmpicos Par\u00eds 2024. Luc\u00eda Y\u00e9pez fue la ganadora.<br aria-hidden=\"true\" \/><br aria-hidden=\"true\" \/>En varones el sobre fue develado por el escalador Carlos Granja. El pentatleta Andr\u00e9s Torres fue el ganador de esta categor\u00eda por segundo a\u00f1o consecutivo.<\/p>\n<p>Luego vino la entrega del Trofeo Citius Altius Fortius, reconocimiento insigne al mejor deportista del a\u00f1o. La maratonista Rosalba Chacha y el boxeador Julio Castillo fueron los encargados de develar el sobre que conten\u00eda a los ganadores.<\/p>\n<p>En damas el Trofeo recay\u00f3 en Angie Palacios, vicecampeona mundial de levantamiento de pesas en 71 kg, y en varones fue para Daniel Pintado, medallista de plata de los 35 km marcha en el Mundial de Atletismo.<\/p>\n<p><strong>PREMIO AL ESP\u00cdRITU OL\u00cdMPICO<\/strong><\/p>\n<p>Antes del cierre se entreg\u00f3 el mayor premio del olimpismo, el Premio al Esp\u00edritu Ol\u00edmpico que este a\u00f1o recay\u00f3 en el campe\u00f3n ol\u00edmpico Richard Carapaz, por su formidable trabajo en la prueba de ciclismo ruta, donde influy\u00f3 en la victoria de su compatriota Jhonatan Narv\u00e1ez.<\/p>\n","protected":false},"excerpt":{"rendered":"<p>Guayaquil.- La halterista y el marchista se llevaron el Trofeo Citius Altius Fortius. La luchadora Luc\u00eda Y\u00e9pez y el pentatleta Andr\u00e9s Torres fueron designados como los mejores deportistas juveniles, categor\u00eda U23. La Gala Ol\u00edmpica 2023 congreg\u00f3 a los atletas m\u00e1s destacados del a\u00f1o en el Hotel Tryp Guayaquil. Por motivos de seguridad ante el estado [&hellip;]<\/p>\n","protected":false},"author":2,"featured_media":10296,"comment_status":"open","ping_status":"closed","sticky":false,"template":"","format":"standard","meta":{"_jetpack_memberships_contains_paid_content":false,"footnotes":""},"categories":[9],"tags":[16,1754],"class_list":["post-10295","post","type-post","status-publish","format-standard","has-post-thumbnail","hentry","category-deportes","tag-comite-olimpico-ecuatoriano","tag-trofeo-citius-altius-fortius"],"jetpack_featured_media_url":"https:\/\/radiocresatelital.com\/wp-content\/uploads\/2024\/01\/be3172e6-161a-73f4-8fb9-44b65bbd1304.jpg","jetpack_sharing_enabled":true,"_links":{"self":[{"href":"https:\/\/radiocresatelital.com\/index.php?rest_route=\/wp\/v2\/posts\/10295","targetHints":{"allow":["GET"]}}],"collection":[{"href":"https:\/\/radiocresatelital.com\/index.php?rest_route=\/wp\/v2\/posts"}],"about":[{"href":"https:\/\/radiocresatelital.com\/index.php?rest_route=\/wp\/v2\/types\/post"}],"author":[{"embeddable":true,"href":"https:\/\/radiocresatelital.com\/index.php?rest_route=\/wp\/v2\/users\/2"}],"replies":[{"embeddable":true,"href":"https:\/\/radiocresatelital.com\/index.php?rest_route=%2Fwp%2Fv2%2Fcomments&post=10295"}],"version-history":[{"count":1,"href":"https:\/\/radiocresatelital.com\/index.php?rest_route=\/wp\/v2\/posts\/10295\/revisions"}],"predecessor-version":[{"id":10297,"href":"https:\/\/radiocresatelital.com\/index.php?rest_route=\/wp\/v2\/posts\/10295\/revisions\/10297"}],"wp:featuredmedia":[{"embeddable":true,"href":"https:\/\/radiocresatelital.com\/index.php?rest_route=\/wp\/v2\/media\/10296"}],"wp:attachment":[{"href":"https:\/\/radiocresatelital.com\/index.php?rest_route=%2Fwp%2Fv2%2Fmedia&parent=10295"}],"wp:term":[{"taxonomy":"category","embeddable":true,"href":"https:\/\/radiocresatelital.com\/index.php?rest_route=%2Fwp%2Fv2%2Fcategories&post=10295"},{"taxonomy":"post_tag","embeddable":true,"href":"https:\/\/radiocresatelital.com\/index.php?rest_route=%2Fwp%2Fv2%2Ftags&post=10295"}],"curies":[{"name":"wp","href":"https:\/\/api.w.org\/{rel}","templated":true}]}}