{"id":10292,"date":"2024-01-26T23:29:56","date_gmt":"2024-01-26T23:29:56","guid":{"rendered":"https:\/\/radiocresatelital.com\/?p=10292"},"modified":"2024-01-26T23:29:56","modified_gmt":"2024-01-26T23:29:56","slug":"con-charla-hospital-teofilo-davila-conmemoro-el-dia-mundial-contra-la-lepra","status":"publish","type":"post","link":"https:\/\/radiocresatelital.com\/?p=10292","title":{"rendered":"Con charla Hospital Te\u00f3filo D\u00e1vila conmemor\u00f3 el D\u00eda Mundial contra la Lepra"},"content":{"rendered":"<p>Machala.- La lepra es una enfermedad infecciosa causada por la bacteria Mycobacterium leprae, tambi\u00e9n conocida como bacilo de Hansen. El bacilo se reproduce muy despacio y el periodo promedio de incubaci\u00f3n e inicio de los signos y s\u00edntomas de la enfermedad es de aproximadamente cinco a\u00f1os.<\/p>\n<p>Los s\u00edntomas iniciales son manchas claras u oscuras, o n\u00f3dulos en la piel que resultan en lesiones en la piel y p\u00e9rdida de sensibilidad en la zona afectada. Otros s\u00edntomas incluyen debilidad muscular y sensaci\u00f3n de hormigueo en las manos y los pies. Cuando los casos no se tratan al inicio de los signos y s\u00edntomas, la enfermedad puede causar secuelas progresivas y permanentes, que incluyen deformidades y mutilaciones, reducci\u00f3n de la movilidad de las extremidades e incluso ceguera.<\/p>\n<p>Por lo cual, los especialistas del Hospital General Te\u00f3filo D\u00e1vila dictaron charla sobre la exposici\u00f3n y los estigmas sobre la Lepra, del acto particip\u00f3 el personal m\u00e9dico, de enfermer\u00eda e internos de medicina.<\/p>\n<p>Los especialistas que dictaron la charla fueron: Estigmas de la Lepra, Ariana Tinoco, dermat\u00f3loga; Caso Cl\u00ednico, Senovia Mart\u00ednez, Dermat\u00f3loga.<\/p>\n<p>Freddy Cajamarca, m\u00e9dico cl\u00ednico del HTD, se\u00f1al\u00f3 que en el 2022 hubo 142 casos de Lepra en Ecuador y en el 2023 aumentaron 50 casos nuevos, por lo que el Ministerio de Salud P\u00fablica diagnostica y entrega el tratamiento gratuito a los pacientes.<\/p>\n<p>\u201cEn el Hospital Te\u00f3filo D\u00e1vila existe un registro aproximado de 8 a 10 casos con diagn\u00f3stico de Lepra al a\u00f1o, a los cuales se les realiza los ex\u00e1menes, se les da tratamiento y un seguimiento del caso, para que el paciente pueda recuperarse\u201d, explic\u00f3 el especialista.<\/p>\n<p>As\u00ed mismo se expuso un caso cl\u00ednico de un paciente con diagn\u00f3stico de Lepra.<\/p>\n","protected":false},"excerpt":{"rendered":"<p>Machala.- La lepra es una enfermedad infecciosa causada por la bacteria Mycobacterium leprae, tambi\u00e9n conocida como bacilo de Hansen. El bacilo se reproduce muy despacio y el periodo promedio de incubaci\u00f3n e inicio de los signos y s\u00edntomas de la enfermedad es de aproximadamente cinco a\u00f1os. Los s\u00edntomas iniciales son manchas claras u oscuras, o [&hellip;]<\/p>\n","protected":false},"author":2,"featured_media":10293,"comment_status":"open","ping_status":"closed","sticky":false,"template":"","format":"standard","meta":{"_jetpack_memberships_contains_paid_content":false,"footnotes":""},"categories":[1023],"tags":[1753,1752,448],"class_list":["post-10292","post","type-post","status-publish","format-standard","has-post-thumbnail","hentry","category-salud","tag-contra-lepra","tag-dia-mundial","tag-hospital-teofilo-davila"],"jetpack_featured_media_url":"https:\/\/radiocresatelital.com\/wp-content\/uploads\/2024\/01\/a8a1fdc2-5820-4da1-9cf3-5ef91f1a1d48.jpeg","jetpack_sharing_enabled":true,"_links":{"self":[{"href":"https:\/\/radiocresatelital.com\/index.php?rest_route=\/wp\/v2\/posts\/10292","targetHints":{"allow":["GET"]}}],"collection":[{"href":"https:\/\/radiocresatelital.com\/index.php?rest_route=\/wp\/v2\/posts"}],"about":[{"href":"https:\/\/radiocresatelital.com\/index.php?rest_route=\/wp\/v2\/types\/post"}],"author":[{"embeddable":true,"href":"https:\/\/radiocresatelital.com\/index.php?rest_route=\/wp\/v2\/users\/2"}],"replies":[{"embeddable":true,"href":"https:\/\/radiocresatelital.com\/index.php?rest_route=%2Fwp%2Fv2%2Fcomments&post=10292"}],"version-history":[{"count":1,"href":"https:\/\/radiocresatelital.com\/index.php?rest_route=\/wp\/v2\/posts\/10292\/revisions"}],"predecessor-version":[{"id":10294,"href":"https:\/\/radiocresatelital.com\/index.php?rest_route=\/wp\/v2\/posts\/10292\/revisions\/10294"}],"wp:featuredmedia":[{"embeddable":true,"href":"https:\/\/radiocresatelital.com\/index.php?rest_route=\/wp\/v2\/media\/10293"}],"wp:attachment":[{"href":"https:\/\/radiocresatelital.com\/index.php?rest_route=%2Fwp%2Fv2%2Fmedia&parent=10292"}],"wp:term":[{"taxonomy":"category","embeddable":true,"href":"https:\/\/radiocresatelital.com\/index.php?rest_route=%2Fwp%2Fv2%2Fcategories&post=10292"},{"taxonomy":"post_tag","embeddable":true,"href":"https:\/\/radiocresatelital.com\/index.php?rest_route=%2Fwp%2Fv2%2Ftags&post=10292"}],"curies":[{"name":"wp","href":"https:\/\/api.w.org\/{rel}","templated":true}]}}