{"id":1028,"date":"2023-07-10T16:45:27","date_gmt":"2023-07-10T16:45:27","guid":{"rendered":"https:\/\/radiocresatelital.com\/?p=1028"},"modified":"2023-07-10T16:45:27","modified_gmt":"2023-07-10T16:45:27","slug":"definido-el-calendario-para-el-torneo-provincial-de-karting","status":"publish","type":"post","link":"https:\/\/radiocresatelital.com\/?p=1028","title":{"rendered":"Definido el calendario para el Torneo Provincial de Karting"},"content":{"rendered":"<p>Guayaquil.- Un nuevo r\u00e9cord de participantes tendr\u00e1 el Torneo Provincial de Karting 2023, que se disputar\u00e1 en la pista ubicada junto al Teatro Centro de Arte.<\/p>\n<p>Luego de la sesi\u00f3n de directorio del Karting Club de Guayaquil, donde se defini\u00f3 que la competencia se iniciar\u00e1 el fin de semana del 29 y 30 de julio, m\u00e1s de 30 pilotos han confirmado su presencia, que en esta ocasi\u00f3n tendr\u00e1 la modalidad de doble jornada en su apertura y cierre de temporada, de tal manera que los deportistas podr\u00e1n descartar una v\u00e1lida (la de menor puntaje). Vale destacar que este a\u00f1o no habr\u00e1 h\u00e1ndicap por categor\u00eda. As\u00ed las cosas, la divisi\u00f3n junior incluir\u00e1 a pilotos entre los 13 y 16 a\u00f1os de edad, la senior de 17 a 34 y la master de 35 en adelante.<\/p>\n<p>Aunque el sistema de radiador del Iame tambi\u00e9n es funcional, el motor con el que se competir\u00e1 ser\u00e1 el PDR, que estar\u00e1 llegando en los pr\u00f3ximos d\u00edas al pa\u00eds. Un t\u00e9cnico colombiano ser\u00e1 el encargado de su instalaci\u00f3n.<\/p>\n<p>Es importante destacar que se continuar\u00e1 trabajando en el fomento de los semilleros del karting<\/p>\n<p>Entre los pilotos que tomar\u00e1n la bandera de partida en esta nueva temporada est\u00e1n: Arnold Illingworth, Andr\u00e9s G\u00f3mez, Denny Ortega, Henry Taleb, Juan Felipe Calder\u00f3n, Leonidas Drouet, Rafael Peralta, Hoover Ochoa, Cristian San Mart\u00edn, Xavier Le\u00f3n, Ismael Pesantez, Jos\u00e9 Alvarado, V\u00edctor Samaniego, Alejandro Taleb, Nicol\u00e1s Peribonio y Pedro Cevallos.<\/p>\n<p>Las jornadas restantes del certamen se disputar\u00e1n en las siguientes fechas:<\/p>\n<p>Tercera: 19 y 20 de agosto.<\/p>\n<p>Cuarta: 16 y 17 de septiembre.<\/p>\n<p>Quinta: 30 de septiembre y 1 de octubre.<\/p>\n<p>Sexta: 14 y 15 de octubre.<\/p>\n<p>S\u00e9ptima: 11 y 12 de noviembre.<\/p>\n<p>Octava y novena: 2 y 3 de diciembre.<\/p>\n<p>Adicionalmente se defini\u00f3 el calendario del Torneo Nacional Iame, el cual se iniciar\u00e1 el 27 de agosto en Guayaquil, continuar\u00e1 el 10 de septiembre en Azogues, tendr\u00e1 su pen\u00faltima fecha el 29 de octubre en Loja, y culminar\u00e1 el 26 de noviembre en la pista Dos Hemisferios de Quito.<\/p>\n","protected":false},"excerpt":{"rendered":"<p>Guayaquil.- Un nuevo r\u00e9cord de participantes tendr\u00e1 el Torneo Provincial de Karting 2023, que se disputar\u00e1 en la pista ubicada junto al Teatro Centro de Arte. Luego de la sesi\u00f3n de directorio del Karting Club de Guayaquil, donde se defini\u00f3 que la competencia se iniciar\u00e1 el fin de semana del 29 y 30 de julio, [&hellip;]<\/p>\n","protected":false},"author":2,"featured_media":1029,"comment_status":"open","ping_status":"closed","sticky":false,"template":"","format":"standard","meta":{"_jetpack_memberships_contains_paid_content":false,"footnotes":""},"categories":[9],"tags":[25],"class_list":["post-1028","post","type-post","status-publish","format-standard","has-post-thumbnail","hentry","category-deportes","tag-karting"],"jetpack_featured_media_url":"https:\/\/radiocresatelital.com\/wp-content\/uploads\/2023\/07\/81d0e85d-192a-4f64-8618-347ce04efbf6.jpg","jetpack_sharing_enabled":true,"_links":{"self":[{"href":"https:\/\/radiocresatelital.com\/index.php?rest_route=\/wp\/v2\/posts\/1028","targetHints":{"allow":["GET"]}}],"collection":[{"href":"https:\/\/radiocresatelital.com\/index.php?rest_route=\/wp\/v2\/posts"}],"about":[{"href":"https:\/\/radiocresatelital.com\/index.php?rest_route=\/wp\/v2\/types\/post"}],"author":[{"embeddable":true,"href":"https:\/\/radiocresatelital.com\/index.php?rest_route=\/wp\/v2\/users\/2"}],"replies":[{"embeddable":true,"href":"https:\/\/radiocresatelital.com\/index.php?rest_route=%2Fwp%2Fv2%2Fcomments&post=1028"}],"version-history":[{"count":1,"href":"https:\/\/radiocresatelital.com\/index.php?rest_route=\/wp\/v2\/posts\/1028\/revisions"}],"predecessor-version":[{"id":1030,"href":"https:\/\/radiocresatelital.com\/index.php?rest_route=\/wp\/v2\/posts\/1028\/revisions\/1030"}],"wp:featuredmedia":[{"embeddable":true,"href":"https:\/\/radiocresatelital.com\/index.php?rest_route=\/wp\/v2\/media\/1029"}],"wp:attachment":[{"href":"https:\/\/radiocresatelital.com\/index.php?rest_route=%2Fwp%2Fv2%2Fmedia&parent=1028"}],"wp:term":[{"taxonomy":"category","embeddable":true,"href":"https:\/\/radiocresatelital.com\/index.php?rest_route=%2Fwp%2Fv2%2Fcategories&post=1028"},{"taxonomy":"post_tag","embeddable":true,"href":"https:\/\/radiocresatelital.com\/index.php?rest_route=%2Fwp%2Fv2%2Ftags&post=1028"}],"curies":[{"name":"wp","href":"https:\/\/api.w.org\/{rel}","templated":true}]}}