{"id":10248,"date":"2024-01-25T23:23:21","date_gmt":"2024-01-25T23:23:21","guid":{"rendered":"https:\/\/radiocresatelital.com\/?p=10248"},"modified":"2024-01-25T23:23:21","modified_gmt":"2024-01-25T23:23:21","slug":"prefecta-del-guayas-compartio-enlace-radial-con-algunas-novedades-de-la-provincia-video","status":"publish","type":"post","link":"https:\/\/radiocresatelital.com\/?p=10248","title":{"rendered":"Prefecta del Guayas comparti\u00f3 enlace radial con algunas novedades de la Provincia (Video)"},"content":{"rendered":"<p>Guayaquil.- La Prefecta del Guayas, Marcela Agui\u00f1aga, estuvo en un enlace radial donde analiz\u00f3 el trabajo que se viene cumpliendo desde que asumi\u00f3 la Prefectura.<\/p>\n<p>A continuaci\u00f3n el detalle completo del enlace:<\/p>\n<div class=\"jetpack-video-wrapper\"><iframe loading=\"lazy\" title=\"ENLACE RADIAL CON LA PREFECTA DEL GUAYAS  DRA. MARCELA AGUINAGA EN RADIO CRE   25 \/ ENERO \/ 24\" width=\"640\" height=\"360\" src=\"https:\/\/www.youtube.com\/embed\/WLS0zrIT9yo?feature=oembed\" frameborder=\"0\" allow=\"accelerometer; autoplay; clipboard-write; encrypted-media; gyroscope; picture-in-picture; web-share\" referrerpolicy=\"strict-origin-when-cross-origin\" allowfullscreen><\/iframe><\/div>\n","protected":false},"excerpt":{"rendered":"<p>Guayaquil.- La Prefecta del Guayas, Marcela Agui\u00f1aga, estuvo en un enlace radial donde analiz\u00f3 el trabajo que se viene cumpliendo desde que asumi\u00f3 la Prefectura. A continuaci\u00f3n el detalle completo del enlace:<\/p>\n","protected":false},"author":2,"featured_media":10249,"comment_status":"open","ping_status":"closed","sticky":false,"template":"","format":"standard","meta":{"_jetpack_memberships_contains_paid_content":false,"footnotes":""},"categories":[13],"tags":[248,415],"class_list":["post-10248","post","type-post","status-publish","format-standard","has-post-thumbnail","hentry","category-noticias-nacionales","tag-marcela-aguinaga","tag-prefectura-ciudadana-del-guayas"],"jetpack_featured_media_url":"https:\/\/radiocresatelital.com\/wp-content\/uploads\/2024\/01\/GEsO_YhX0AAhabF.jpg","jetpack_sharing_enabled":true,"_links":{"self":[{"href":"https:\/\/radiocresatelital.com\/index.php?rest_route=\/wp\/v2\/posts\/10248","targetHints":{"allow":["GET"]}}],"collection":[{"href":"https:\/\/radiocresatelital.com\/index.php?rest_route=\/wp\/v2\/posts"}],"about":[{"href":"https:\/\/radiocresatelital.com\/index.php?rest_route=\/wp\/v2\/types\/post"}],"author":[{"embeddable":true,"href":"https:\/\/radiocresatelital.com\/index.php?rest_route=\/wp\/v2\/users\/2"}],"replies":[{"embeddable":true,"href":"https:\/\/radiocresatelital.com\/index.php?rest_route=%2Fwp%2Fv2%2Fcomments&post=10248"}],"version-history":[{"count":1,"href":"https:\/\/radiocresatelital.com\/index.php?rest_route=\/wp\/v2\/posts\/10248\/revisions"}],"predecessor-version":[{"id":10250,"href":"https:\/\/radiocresatelital.com\/index.php?rest_route=\/wp\/v2\/posts\/10248\/revisions\/10250"}],"wp:featuredmedia":[{"embeddable":true,"href":"https:\/\/radiocresatelital.com\/index.php?rest_route=\/wp\/v2\/media\/10249"}],"wp:attachment":[{"href":"https:\/\/radiocresatelital.com\/index.php?rest_route=%2Fwp%2Fv2%2Fmedia&parent=10248"}],"wp:term":[{"taxonomy":"category","embeddable":true,"href":"https:\/\/radiocresatelital.com\/index.php?rest_route=%2Fwp%2Fv2%2Fcategories&post=10248"},{"taxonomy":"post_tag","embeddable":true,"href":"https:\/\/radiocresatelital.com\/index.php?rest_route=%2Fwp%2Fv2%2Ftags&post=10248"}],"curies":[{"name":"wp","href":"https:\/\/api.w.org\/{rel}","templated":true}]}}