{"id":10242,"date":"2024-01-25T23:13:28","date_gmt":"2024-01-25T23:13:28","guid":{"rendered":"https:\/\/radiocresatelital.com\/?p=10242"},"modified":"2024-01-25T23:13:28","modified_gmt":"2024-01-25T23:13:28","slug":"el-segundo-punto-de-control-y-seguridad-vial-en-la-cadena-contribuye-a-recuperar-la-paz","status":"publish","type":"post","link":"https:\/\/radiocresatelital.com\/?p=10242","title":{"rendered":"El segundo Punto de Control y Seguridad Vial en La Cadena contribuye a recuperar la paz"},"content":{"rendered":"<p>Guayaquil.- En el peaje de La Cadena, en la v\u00eda que lleva hasta Nobol y que es la principal conexi\u00f3n entre Guayas y Manab\u00ed, la prefecta Marcela Agui\u00f1aga inaugur\u00f3, este jueves 25 de enero, el segundo Punto de Control y Seguridad Vial con el que la Prefectura Ciudadana del Guayas trabaja para la recuperaci\u00f3n de la paz en la provincia.<\/p>\n<p>En el acto inaugural participaron los alcaldes de Pedro Carbo, Nery Jaramillo, y de Isidro Ayora, Luis Vargas. Adem\u00e1s, el coronel V\u00edctor Ord\u00f3\u00f1ez, comandante de Polic\u00eda de la Zona 5; el coronel \u00d3scar Sabando, jefe de Operaciones de la CTE; Daniel Ajoy Jaramillo, presidente del directorio de Conorte, entre otros.<\/p>\n<p>El Punto de Control est\u00e1 climatizado, cuenta con mobiliario y est\u00e1 conectado a las c\u00e1maras de seguridad de los peajes de las v\u00edas concesionadas del Guayas, para que FF.AA., Polic\u00eda Nacional y Comisi\u00f3n de Tr\u00e1nsito del Ecuador (CTE) las puedan utilizar las 24 horas del d\u00eda para garantizar los patrullajes permanentes.<\/p>\n<p>&amp;quot;Esto es resultado de trabajar coordinadamente en la Mesa de Seguridad que hicimos, lo que nos ha permitido acercar a nuestras instituciones y buscar soluciones&amp;quot;, destac\u00f3 la prefecta Agui\u00f1aga, tras hacer la entrega respectiva. El objetivo es habilitar siete puntos en la primera etapa, en los sitios m\u00e1s conflictivos. &amp;quot;Querremos que cuando alguien transite por la red de la provincia del Guayas, pueda sentirse seguro&amp;quot;, agreg\u00f3.<\/p>\n<p>Tambi\u00e9n hizo un llamado a la unidad. &amp;quot;Hoy hay un solo portaestandarte que debemos usar, que es la tricolor del pa\u00eds, m\u00e1s all\u00e1 de las dificultades pol\u00edticas&amp;quot;, mencion\u00f3 la ejecutiva guayasense.<\/p>\n<p>El alcalde Jaramillo, por su parte, coincidi\u00f3 en la necesidad de recuperar la paz que tanto anhelamos, de ah\u00ed que resalt\u00f3 que el Punto de Control ayudar\u00e1 a reforzar la vigilancia en la zona.<\/p>\n<p>Finalmente, el coronel Ord\u00f3\u00f1ez resalt\u00f3 el papel de la Prefectura en el trabajo coordinado por la seguridad. &amp;quot;Hoy, somos testigos de que los grandes cambios son posibles si nos mantenemos y trabajamos juntos, y el pa\u00eds, ahora m\u00e1s que nunca, necesita de la uni\u00f3n y el compromiso de ecuatorianos y ecuatorianas, para seguir construyendo el pa\u00eds que queremos&amp;quot;.<\/p>\n","protected":false},"excerpt":{"rendered":"<p>Guayaquil.- En el peaje de La Cadena, en la v\u00eda que lleva hasta Nobol y que es la principal conexi\u00f3n entre Guayas y Manab\u00ed, la prefecta Marcela Agui\u00f1aga inaugur\u00f3, este jueves 25 de enero, el segundo Punto de Control y Seguridad Vial con el que la Prefectura Ciudadana del Guayas trabaja para la recuperaci\u00f3n de [&hellip;]<\/p>\n","protected":false},"author":2,"featured_media":10243,"comment_status":"open","ping_status":"closed","sticky":false,"template":"","format":"standard","meta":{"_jetpack_memberships_contains_paid_content":false,"footnotes":""},"categories":[13],"tags":[415],"class_list":["post-10242","post","type-post","status-publish","format-standard","has-post-thumbnail","hentry","category-noticias-nacionales","tag-prefectura-ciudadana-del-guayas"],"jetpack_featured_media_url":"https:\/\/radiocresatelital.com\/wp-content\/uploads\/2024\/01\/WhatsApp-Image-2024-01-25-at-5.45.52-PM.jpeg","jetpack_sharing_enabled":true,"_links":{"self":[{"href":"https:\/\/radiocresatelital.com\/index.php?rest_route=\/wp\/v2\/posts\/10242","targetHints":{"allow":["GET"]}}],"collection":[{"href":"https:\/\/radiocresatelital.com\/index.php?rest_route=\/wp\/v2\/posts"}],"about":[{"href":"https:\/\/radiocresatelital.com\/index.php?rest_route=\/wp\/v2\/types\/post"}],"author":[{"embeddable":true,"href":"https:\/\/radiocresatelital.com\/index.php?rest_route=\/wp\/v2\/users\/2"}],"replies":[{"embeddable":true,"href":"https:\/\/radiocresatelital.com\/index.php?rest_route=%2Fwp%2Fv2%2Fcomments&post=10242"}],"version-history":[{"count":1,"href":"https:\/\/radiocresatelital.com\/index.php?rest_route=\/wp\/v2\/posts\/10242\/revisions"}],"predecessor-version":[{"id":10244,"href":"https:\/\/radiocresatelital.com\/index.php?rest_route=\/wp\/v2\/posts\/10242\/revisions\/10244"}],"wp:featuredmedia":[{"embeddable":true,"href":"https:\/\/radiocresatelital.com\/index.php?rest_route=\/wp\/v2\/media\/10243"}],"wp:attachment":[{"href":"https:\/\/radiocresatelital.com\/index.php?rest_route=%2Fwp%2Fv2%2Fmedia&parent=10242"}],"wp:term":[{"taxonomy":"category","embeddable":true,"href":"https:\/\/radiocresatelital.com\/index.php?rest_route=%2Fwp%2Fv2%2Fcategories&post=10242"},{"taxonomy":"post_tag","embeddable":true,"href":"https:\/\/radiocresatelital.com\/index.php?rest_route=%2Fwp%2Fv2%2Ftags&post=10242"}],"curies":[{"name":"wp","href":"https:\/\/api.w.org\/{rel}","templated":true}]}}