{"id":1024,"date":"2023-07-10T16:43:06","date_gmt":"2023-07-10T16:43:06","guid":{"rendered":"https:\/\/radiocresatelital.com\/?p=1024"},"modified":"2023-07-10T16:43:06","modified_gmt":"2023-07-10T16:43:06","slug":"ecuador-clasifico-a-la-copa-cosat-sub12-a-jugarse-en-bolivia","status":"publish","type":"post","link":"https:\/\/radiocresatelital.com\/?p=1024","title":{"rendered":"Ecuador clasific\u00f3 a la Copa Cosat Sub12 a jugarse en Bolivia"},"content":{"rendered":"<p>Salinas.- El equipo masculino de Ecuador venci\u00f3 2-1 a Bolivia y se ubic\u00f3 tercero en el Campeonato Sudamericano sub-12, que se realiz\u00f3 del 3 al 8 de julio en el Salinas Golf &amp; Tenis Club, y con ello clasific\u00f3 a la Copa COSAT a jugarse en noviembre pr\u00f3ximo.<\/p>\n<p>En una serie de infarto, el equipo dirigido por el profesor Pa\u00fal Espinoza, tuvo que luchar mucho para derrotar al representativo de Bolivia. En singles ecuatorianos y bolivianos ganaron un punto y la serie se defini\u00f3 en el dobles.<\/p>\n<p>Los doblistas del altiplano, Sebastian Chang y Matias Rivero ganaron el primer set a Francisco Escalante y Tiago Lalama por 7-6(5) y en el segundo estaba sacando para partido 5-3, pero cometi\u00f3 varios errores que fueron aprovechados por los ecuatorianos que consiguieron cuatro puntos seguidos y dejaron el marcador 7-5, para definir en el match tiebreak, donde nuevamente los visitantes estaban para definir el partido con 9-5 a su favor, pero Escalante y Lalama pudieron sobreponerse y ganaron 12-10.<\/p>\n<p>En singles, el ecuatoriano Francisco Escalante venci\u00f3 6-3, 4-6, 6-2 a Emmanuel Paz; y, Mat\u00edas Rivero gan\u00f3 al local Claudio Tenicela por 4-6, 7-5, 6-1.<\/p>\n<p>En damas, el equipo capitaneado por Homero Nagua, cay\u00f3 0-2 ante Bolivia y con ese resultado se ubic\u00f3 cuarto entre las diez selecciones sudamericanas y tambi\u00e9n clasific\u00f3 a la Copa COSAT sub-12. La boliviana Alexa Garc\u00eda derrot\u00f3 a Ana Machuca por 0-6, 6-4, 6-2. Mar\u00eda Laura Sejas a Camila Zabala 6-1, 3-6, 6-4.<\/p>\n<p>Brasil, campe\u00f3n<br \/>\nBrasil se coron\u00f3 campe\u00f3n, tanto en damas como en varones, tras ganar a Per\u00fa 2-1, en damas y 2-0 en varones.<\/p>\n<p>Flavia Souza gan\u00f3 el primer punto para Brasil ante Rafaela G\u00f3mez por 6-4, 6-2. Per\u00fa igual\u00f3 con triunfo de Abril Tume sobre Clara Coura por marcador 6-4, 6-2. Las doblistas brasile\u00f1as Manuela Banietti y Flavia Souza vencieron a G\u00f3mez y Tume por 6-3, 6-2.<\/p>\n<p>En varones, Nicolas Duarte gan\u00f3 al peruano Min Gook Cho por 7-5, 6-3; y, Miguel Ferraz a Luis Berrocal por 6-7(3), 0-6.<\/p>\n<p>La Copa COSAT sub-12 se jugar\u00e1 en Bolivia el mes de noviembre pr\u00f3ximo, donde participan pa\u00edses de Centro y Norteam\u00e9rica.<\/p>\n<p>UBICACIONES FINALES<br \/>\nDamas<br \/>\nBrasil<br \/>\nPer\u00fa<br \/>\nBolivia<\/p>\n<p>Varones<br \/>\nBrasil<br \/>\nPer\u00fa<br \/>\nEcuador<\/p>\n","protected":false},"excerpt":{"rendered":"<p>Salinas.- El equipo masculino de Ecuador venci\u00f3 2-1 a Bolivia y se ubic\u00f3 tercero en el Campeonato Sudamericano sub-12, que se realiz\u00f3 del 3 al 8 de julio en el Salinas Golf &amp; Tenis Club, y con ello clasific\u00f3 a la Copa COSAT a jugarse en noviembre pr\u00f3ximo. En una serie de infarto, el equipo [&hellip;]<\/p>\n","protected":false},"author":2,"featured_media":1026,"comment_status":"open","ping_status":"closed","sticky":false,"template":"","format":"standard","meta":{"_jetpack_memberships_contains_paid_content":false,"footnotes":""},"categories":[9,64],"tags":[253],"class_list":["post-1024","post","type-post","status-publish","format-standard","has-post-thumbnail","hentry","category-deportes","category-tenis","tag-copa-cosat-sub12"],"jetpack_featured_media_url":"https:\/\/radiocresatelital.com\/wp-content\/uploads\/2023\/07\/8a92c0e6-70da-4a7f-aeb4-9e309134c2c9.jpg","jetpack_sharing_enabled":true,"_links":{"self":[{"href":"https:\/\/radiocresatelital.com\/index.php?rest_route=\/wp\/v2\/posts\/1024","targetHints":{"allow":["GET"]}}],"collection":[{"href":"https:\/\/radiocresatelital.com\/index.php?rest_route=\/wp\/v2\/posts"}],"about":[{"href":"https:\/\/radiocresatelital.com\/index.php?rest_route=\/wp\/v2\/types\/post"}],"author":[{"embeddable":true,"href":"https:\/\/radiocresatelital.com\/index.php?rest_route=\/wp\/v2\/users\/2"}],"replies":[{"embeddable":true,"href":"https:\/\/radiocresatelital.com\/index.php?rest_route=%2Fwp%2Fv2%2Fcomments&post=1024"}],"version-history":[{"count":2,"href":"https:\/\/radiocresatelital.com\/index.php?rest_route=\/wp\/v2\/posts\/1024\/revisions"}],"predecessor-version":[{"id":1027,"href":"https:\/\/radiocresatelital.com\/index.php?rest_route=\/wp\/v2\/posts\/1024\/revisions\/1027"}],"wp:featuredmedia":[{"embeddable":true,"href":"https:\/\/radiocresatelital.com\/index.php?rest_route=\/wp\/v2\/media\/1026"}],"wp:attachment":[{"href":"https:\/\/radiocresatelital.com\/index.php?rest_route=%2Fwp%2Fv2%2Fmedia&parent=1024"}],"wp:term":[{"taxonomy":"category","embeddable":true,"href":"https:\/\/radiocresatelital.com\/index.php?rest_route=%2Fwp%2Fv2%2Fcategories&post=1024"},{"taxonomy":"post_tag","embeddable":true,"href":"https:\/\/radiocresatelital.com\/index.php?rest_route=%2Fwp%2Fv2%2Ftags&post=1024"}],"curies":[{"name":"wp","href":"https:\/\/api.w.org\/{rel}","templated":true}]}}