{"id":10219,"date":"2024-01-25T21:29:14","date_gmt":"2024-01-25T21:29:14","guid":{"rendered":"https:\/\/radiocresatelital.com\/?p=10219"},"modified":"2024-01-25T21:29:14","modified_gmt":"2024-01-25T21:29:14","slug":"charles-leclerc-renovo-contrato-con-ferrari-hasta-el-2027-de-la-formula-1","status":"publish","type":"post","link":"https:\/\/radiocresatelital.com\/?p=10219","title":{"rendered":"Charles Leclerc, renov\u00f3 contrato con Ferrari hasta el 2027 de la F\u00f3rmula 1."},"content":{"rendered":"<p>Roma.- La escuder\u00eda italiana Ferrari ha comunido la renovaci{on de contrato con el piloto de origen monegasco Charles Leclerc, quien permanecer\u00e1 en el equipo de Maranella hasta la temporada 2027 de la F\u00f3rmula 1.<\/p>\n<p>\u00abCreo que lo mejor est\u00e1 por llegar y no veo la hora de empezar esta temporada para intentar hacer que el equipo progrese m\u00e1s y estar en condiciones de ser competitivos en cada carrera\u00bb, afirm\u00f3 Leclerc.<\/p>\n<p>\u00abMi sue\u00f1o sigue siendo ganar el t\u00edtulo con Ferrari y estoy seguro de que podremos obtener una gran satisfacci\u00f3n y darles a los aficionados algo de qu\u00e9 alegrarse\u00bb, agreg\u00f3 el piloto monegasco de 26 a\u00f1os.<\/p>\n<p>\u00abEstoy muy contento de seguir vistiendo el uniforme de la escuder\u00eda Ferrari tambi\u00e9n en las pr\u00f3ximas temporadas. Competir para este equipo ha sido mi sue\u00f1o desde que ten\u00eda tres a\u00f1os: vi el Gran Premio de M\u00f3naco desde la ventana de mi casa\u00bb, remarc\u00f3 Leclerc.<\/p>\n<p>\u00abEste equipo es mi segunda familia, desde que me un\u00ed a la Ferrari Driver Academy en 2016 y juntos luchamos juntos a trav\u00e9s de la adversidad y escribimos p\u00e1ginas inolvidables durante los \u00faltimos cinco a\u00f1os\u00bb, complet\u00f3 el monegasco, cuyo contrato finalizaba este a\u00f1o.<\/p>\n<p>A su vez, el director de Ferrari, el ingenieron franc\u00e9s Fred Vasseur, destac\u00f3 que \u00abel v\u00ednculo de Charles con la escuder\u00eda va m\u00e1s all\u00e1 del v\u00ednculo de un piloto con su equipo\u00bb.<\/p>\n<p>\u00abLeclerc forma parte de la familia Ferrari desde hace ocho a\u00f1os, desde antes de vestir el ch\u00e1ndal con el Cavallino Rampante.<\/p>\n<p>El ADN de nuestra empresa as\u00ed como sus valores forman parte de \u00e9l y por ello era natural acordar la renovaci\u00f3n de nuestra colaboraci\u00f3n\u00bb, consider\u00f3 Vasseur.<\/p>\n<p>\u00abConocemos su incesante deseo de superar sus l\u00edmites y apreciamos su gran capacidad de duelo y adelantamiento en carrera. Estamos decididos a darle a Charles un auto ganador y s\u00e9 que su decisi\u00f3n y compromiso ser\u00e1n elementos que pueden marcar la diferencia en los objetivos que queremos lograr\u00bb, complet\u00f3 el director de Ferrari.<\/p>\n<p>Leclerc, que acumula 123 carreras en la F1, en las que logr\u00f3 subirse en 30 ocasiones al podio y 23 \u00abpole position\u00bb, buscar\u00e1 volver a guiar a Ferrari al t\u00edtulo esquivo desde el Mundial 2007, cuando se coron\u00f3 el finland\u00e9s Kimi Raikkonen.<\/p>\n","protected":false},"excerpt":{"rendered":"<p>Roma.- La escuder\u00eda italiana Ferrari ha comunido la renovaci{on de contrato con el piloto de origen monegasco Charles Leclerc, quien permanecer\u00e1 en el equipo de Maranella hasta la temporada 2027 de la F\u00f3rmula 1. \u00abCreo que lo mejor est\u00e1 por llegar y no veo la hora de empezar esta temporada para intentar hacer que el [&hellip;]<\/p>\n","protected":false},"author":2,"featured_media":10220,"comment_status":"open","ping_status":"closed","sticky":false,"template":"","format":"standard","meta":{"_jetpack_memberships_contains_paid_content":false,"footnotes":""},"categories":[9,20],"tags":[1086,21],"class_list":["post-10219","post","type-post","status-publish","format-standard","has-post-thumbnail","hentry","category-deportes","category-formula-uno","tag-charles-leclerc","tag-ferrari"],"jetpack_featured_media_url":"https:\/\/radiocresatelital.com\/wp-content\/uploads\/2024\/01\/charles-leclerjpg.webp","jetpack_sharing_enabled":true,"_links":{"self":[{"href":"https:\/\/radiocresatelital.com\/index.php?rest_route=\/wp\/v2\/posts\/10219","targetHints":{"allow":["GET"]}}],"collection":[{"href":"https:\/\/radiocresatelital.com\/index.php?rest_route=\/wp\/v2\/posts"}],"about":[{"href":"https:\/\/radiocresatelital.com\/index.php?rest_route=\/wp\/v2\/types\/post"}],"author":[{"embeddable":true,"href":"https:\/\/radiocresatelital.com\/index.php?rest_route=\/wp\/v2\/users\/2"}],"replies":[{"embeddable":true,"href":"https:\/\/radiocresatelital.com\/index.php?rest_route=%2Fwp%2Fv2%2Fcomments&post=10219"}],"version-history":[{"count":1,"href":"https:\/\/radiocresatelital.com\/index.php?rest_route=\/wp\/v2\/posts\/10219\/revisions"}],"predecessor-version":[{"id":10221,"href":"https:\/\/radiocresatelital.com\/index.php?rest_route=\/wp\/v2\/posts\/10219\/revisions\/10221"}],"wp:featuredmedia":[{"embeddable":true,"href":"https:\/\/radiocresatelital.com\/index.php?rest_route=\/wp\/v2\/media\/10220"}],"wp:attachment":[{"href":"https:\/\/radiocresatelital.com\/index.php?rest_route=%2Fwp%2Fv2%2Fmedia&parent=10219"}],"wp:term":[{"taxonomy":"category","embeddable":true,"href":"https:\/\/radiocresatelital.com\/index.php?rest_route=%2Fwp%2Fv2%2Fcategories&post=10219"},{"taxonomy":"post_tag","embeddable":true,"href":"https:\/\/radiocresatelital.com\/index.php?rest_route=%2Fwp%2Fv2%2Ftags&post=10219"}],"curies":[{"name":"wp","href":"https:\/\/api.w.org\/{rel}","templated":true}]}}