{"id":10203,"date":"2024-01-25T16:47:03","date_gmt":"2024-01-25T16:47:03","guid":{"rendered":"https:\/\/radiocresatelital.com\/?p=10203"},"modified":"2024-01-25T21:13:06","modified_gmt":"2024-01-25T21:13:06","slug":"es-un-triunfo-aunque-sea-temporal-que-se-entienda-la-necesidad-del-aumento-del-iva-monica-palencia","status":"publish","type":"post","link":"https:\/\/radiocresatelital.com\/?p=10203","title":{"rendered":"Es un triunfo, aunque sea temporal, que se entienda la necesidad del aumento del IVA, M\u00f3nica Palencia"},"content":{"rendered":"<p>Quito.- \u00abIndudablemente que es un triunfo que se haya entendido la necesidad de un 15% como m\u00ednimo de aumento al IVA, aunque sea temporal, pero ya tenemos aunque sea ese primer pasito\u00bb, manifest\u00f3 la ministra de Gobierno y del Interior, M\u00f3nica Palencia, al referirse a \u00abla luz verde\u00bb que dio ayer la Asamblea Nacional, para que pase a primer debate la Ley econ\u00f3mica urgente que permita el aumento del impuesto al valor agregado.<\/p>\n<p>\u00abAunque sea temporal, pero ya tenemos ese primer pasito\u00bb, dijo la autoridad, quien agreg\u00f3 que seguimos siendo el pa\u00eds que menos impuesto paga. Afirm\u00f3 que tiene esperanza que paso a paso se har\u00e1 presente en la Asamblea el sentir ciudadano, \u00ablos ciudadanos tienen una postura muy clara de apoyo a este gobierno y al plan de seguridad, porque se han visto ya los resultados de la pol\u00edtica implementada a nivel de seguridad, as\u00ed que creo que iremos para adelante\u00bb<\/p>\n<p>Agreg\u00f3 Palencia, que los operativos de control y seguridad se han realizado observando estricto control a los Derechos Humanos de los detractores de la ley, \u00bb se los juzga por sus accioness, no por que pertenecen a determinado grupo\u00bb.<\/p>\n","protected":false},"excerpt":{"rendered":"<p>Quito.- \u00abIndudablemente que es un triunfo que se haya entendido la necesidad de un 15% como m\u00ednimo de aumento al IVA, aunque sea temporal, pero ya tenemos aunque sea ese primer pasito\u00bb, manifest\u00f3 la ministra de Gobierno y del Interior, M\u00f3nica Palencia, al referirse a \u00abla luz verde\u00bb que dio ayer la Asamblea Nacional, para [&hellip;]<\/p>\n","protected":false},"author":3,"featured_media":9149,"comment_status":"open","ping_status":"closed","sticky":false,"template":"","format":"standard","meta":{"_jetpack_memberships_contains_paid_content":false,"footnotes":""},"categories":[13],"tags":[1337],"class_list":["post-10203","post","type-post","status-publish","format-standard","has-post-thumbnail","hentry","category-noticias-nacionales","tag-monica-palencia"],"jetpack_featured_media_url":"https:\/\/radiocresatelital.com\/wp-content\/uploads\/2023\/12\/monica-palencia.jpg","jetpack_sharing_enabled":true,"_links":{"self":[{"href":"https:\/\/radiocresatelital.com\/index.php?rest_route=\/wp\/v2\/posts\/10203","targetHints":{"allow":["GET"]}}],"collection":[{"href":"https:\/\/radiocresatelital.com\/index.php?rest_route=\/wp\/v2\/posts"}],"about":[{"href":"https:\/\/radiocresatelital.com\/index.php?rest_route=\/wp\/v2\/types\/post"}],"author":[{"embeddable":true,"href":"https:\/\/radiocresatelital.com\/index.php?rest_route=\/wp\/v2\/users\/3"}],"replies":[{"embeddable":true,"href":"https:\/\/radiocresatelital.com\/index.php?rest_route=%2Fwp%2Fv2%2Fcomments&post=10203"}],"version-history":[{"count":1,"href":"https:\/\/radiocresatelital.com\/index.php?rest_route=\/wp\/v2\/posts\/10203\/revisions"}],"predecessor-version":[{"id":10204,"href":"https:\/\/radiocresatelital.com\/index.php?rest_route=\/wp\/v2\/posts\/10203\/revisions\/10204"}],"wp:featuredmedia":[{"embeddable":true,"href":"https:\/\/radiocresatelital.com\/index.php?rest_route=\/wp\/v2\/media\/9149"}],"wp:attachment":[{"href":"https:\/\/radiocresatelital.com\/index.php?rest_route=%2Fwp%2Fv2%2Fmedia&parent=10203"}],"wp:term":[{"taxonomy":"category","embeddable":true,"href":"https:\/\/radiocresatelital.com\/index.php?rest_route=%2Fwp%2Fv2%2Fcategories&post=10203"},{"taxonomy":"post_tag","embeddable":true,"href":"https:\/\/radiocresatelital.com\/index.php?rest_route=%2Fwp%2Fv2%2Ftags&post=10203"}],"curies":[{"name":"wp","href":"https:\/\/api.w.org\/{rel}","templated":true}]}}