{"id":10200,"date":"2024-01-25T16:24:25","date_gmt":"2024-01-25T16:24:25","guid":{"rendered":"https:\/\/radiocresatelital.com\/?p=10200"},"modified":"2024-01-25T21:12:37","modified_gmt":"2024-01-25T21:12:37","slug":"presos-son-reubicados-segun-su-grado-de-peligrosidad-no-segun-organizacion-delictiva-a-la-que-pertenecen","status":"publish","type":"post","link":"https:\/\/radiocresatelital.com\/?p=10200","title":{"rendered":"Presos son reubicados seg\u00fan su grado de peligrosidad, no seg\u00fan organizaci\u00f3n delictiva a la que pertenecen"},"content":{"rendered":"<div id=\"sunmedia-div\">Guayaquil.- Aunque es cierto que en las c\u00e1rceles del pa\u00eds existe hacinamiento, no es menos cierto que la distribuci\u00f3n de los privados de la libertad ha sido tan mala, ya que ha estado en manos de los propios presos, que mientras en unos pabellones hay sobrepoblaci\u00f3n, otros se encuentran vac\u00edos, como es el caso de los pabellones 2,8 y 10 de la Penitenciar\u00eda del Litoral.<\/div>\n<p>Seg\u00fan el General V\u00edctor Herrera y el SNAI, esto cambiar\u00e1 y para ello llevan ya varios d\u00edas trabajando con las Fuerzas Armada y la Polic\u00eda Nacional en el reordenamiento de los ppl. Para ello, ya han retomado el control total en 10 de los 35 reclusorios existentes en el Ecuador.<\/p>\n<p>Lo cual implica una reorganizaci\u00f3n en la cual, los presos son distribuidos seg\u00fan su grado de peligrosidad, como se hace en cualquier parte del mundo y no seg\u00fan la organizaci\u00f3n delictiva a la que pertenecen, como lamentablemente ocurr\u00eda en el pa\u00eds.<\/p>\n<p>Lo que permitir\u00e1 que todos los privados de la libertad que han sido capturados desde que se decret\u00f3 el conflicto interno armado, entre ellos, terroristas, entrar\u00e1n en este nuevo orden determinado por las autoridades.<\/p>\n","protected":false},"excerpt":{"rendered":"<p>Guayaquil.- Aunque es cierto que en las c\u00e1rceles del pa\u00eds existe hacinamiento, no es menos cierto que la distribuci\u00f3n de los privados de la libertad ha sido tan mala, ya que ha estado en manos de los propios presos, que mientras en unos pabellones hay sobrepoblaci\u00f3n, otros se encuentran vac\u00edos, como es el caso de [&hellip;]<\/p>\n","protected":false},"author":3,"featured_media":10201,"comment_status":"open","ping_status":"closed","sticky":false,"template":"","format":"standard","meta":{"_jetpack_memberships_contains_paid_content":false,"footnotes":""},"categories":[13],"tags":[1738],"class_list":["post-10200","post","type-post","status-publish","format-standard","has-post-thumbnail","hentry","category-noticias-nacionales","tag-presos-reubicados"],"jetpack_featured_media_url":"https:\/\/radiocresatelital.com\/wp-content\/uploads\/2024\/01\/presos-reorganizados.jpg","jetpack_sharing_enabled":true,"_links":{"self":[{"href":"https:\/\/radiocresatelital.com\/index.php?rest_route=\/wp\/v2\/posts\/10200","targetHints":{"allow":["GET"]}}],"collection":[{"href":"https:\/\/radiocresatelital.com\/index.php?rest_route=\/wp\/v2\/posts"}],"about":[{"href":"https:\/\/radiocresatelital.com\/index.php?rest_route=\/wp\/v2\/types\/post"}],"author":[{"embeddable":true,"href":"https:\/\/radiocresatelital.com\/index.php?rest_route=\/wp\/v2\/users\/3"}],"replies":[{"embeddable":true,"href":"https:\/\/radiocresatelital.com\/index.php?rest_route=%2Fwp%2Fv2%2Fcomments&post=10200"}],"version-history":[{"count":2,"href":"https:\/\/radiocresatelital.com\/index.php?rest_route=\/wp\/v2\/posts\/10200\/revisions"}],"predecessor-version":[{"id":10209,"href":"https:\/\/radiocresatelital.com\/index.php?rest_route=\/wp\/v2\/posts\/10200\/revisions\/10209"}],"wp:featuredmedia":[{"embeddable":true,"href":"https:\/\/radiocresatelital.com\/index.php?rest_route=\/wp\/v2\/media\/10201"}],"wp:attachment":[{"href":"https:\/\/radiocresatelital.com\/index.php?rest_route=%2Fwp%2Fv2%2Fmedia&parent=10200"}],"wp:term":[{"taxonomy":"category","embeddable":true,"href":"https:\/\/radiocresatelital.com\/index.php?rest_route=%2Fwp%2Fv2%2Fcategories&post=10200"},{"taxonomy":"post_tag","embeddable":true,"href":"https:\/\/radiocresatelital.com\/index.php?rest_route=%2Fwp%2Fv2%2Ftags&post=10200"}],"curies":[{"name":"wp","href":"https:\/\/api.w.org\/{rel}","templated":true}]}}