{"id":10185,"date":"2024-01-24T22:58:59","date_gmt":"2024-01-24T22:58:59","guid":{"rendered":"https:\/\/radiocresatelital.com\/?p=10185"},"modified":"2024-01-24T22:58:59","modified_gmt":"2024-01-24T22:58:59","slug":"presidente-daniel-noboa-mantiene-encuentros-de-alto-nivel-en-espana","status":"publish","type":"post","link":"https:\/\/radiocresatelital.com\/?p=10185","title":{"rendered":"Presidente Daniel Noboa mantiene encuentros de alto nivel en Espa\u00f1a"},"content":{"rendered":"<p>Madrid.- El Presidente de la Rep\u00fablica, Daniel Noboa Azin, particip\u00f3 en encuentros de alto nivel en Espa\u00f1a, en el marco de su viaje oficial al pa\u00eds europeo por la Feria Internacional de Turismo (FITUR). Encuentros con Su Majestad el Rey de Espa\u00f1a, Felipe VI, y con el presidente del Gobierno espa\u00f1ol, Pedro S\u00e1nchez, marcaron la agenda diplom\u00e1tica.<\/p>\n<p>En estas reuniones el presidente insisti\u00f3 en el compromiso y la intenci\u00f3n de Ecuador de fortalecer lazos diplom\u00e1ticos y explorar \u00e1reas de cooperaci\u00f3n mutua. Adem\u00e1s, dialogaron sobre la situaci\u00f3n generada por el conflicto armado interno en Ecuador debido a la delincuencia organizada transnacional y al terrorismo.<\/p>\n<p>La cita con el Rey de Espa\u00f1a tuvo lugar en el Palacio de la Zarzuela. El mandatario ecuatoriano expres\u00f3 su agradecimiento por las muestras de solidaridad de Espa\u00f1a ante la situaci\u00f3n que vive el pa\u00eds. Sobre este tema, detall\u00f3 las medidas contundentes que ha implementado su gobierno para precautelar la seguridad y los resultados que ya se han obtenido en estos d\u00edas.<\/p>\n<p>En este contexto, el primer mandatario enfatiz\u00f3 en que las medidas de seguridad adoptadas respetan de manera rigurosa los compromisos establecidos en instrumentos internacionales sobre derechos humanos y Derecho Internacional Humanitario. Noboa reconoci\u00f3 la receptividad de la naci\u00f3n espa\u00f1ola hacia las prioridades y necesidades de cooperaci\u00f3n.<\/p>\n<p>Por otro lado, durante su encuentro con el presidente del Gobierno de Espa\u00f1a, Pedro S\u00e1nchez, el Jefe de Estado de Ecuador reafirm\u00f3 la voluntad del pa\u00eds de consolidar las relaciones comerciales y de inversi\u00f3n, reconociendo a Espa\u00f1a como un socio<br \/>\nestrat\u00e9gico. Daniel Noboa destac\u00f3 la importancia crucial de una colaboraci\u00f3n efectiva para el pa\u00eds, y se tiene la expectativa de retomar las conversaciones referentes a los acuerdos de Protecci\u00f3n Rec\u00edproca de Inversiones.<\/p>\n","protected":false},"excerpt":{"rendered":"<p>Madrid.- El Presidente de la Rep\u00fablica, Daniel Noboa Azin, particip\u00f3 en encuentros de alto nivel en Espa\u00f1a, en el marco de su viaje oficial al pa\u00eds europeo por la Feria Internacional de Turismo (FITUR). Encuentros con Su Majestad el Rey de Espa\u00f1a, Felipe VI, y con el presidente del Gobierno espa\u00f1ol, Pedro S\u00e1nchez, marcaron la [&hellip;]<\/p>\n","protected":false},"author":2,"featured_media":10186,"comment_status":"open","ping_status":"closed","sticky":false,"template":"","format":"standard","meta":{"_jetpack_memberships_contains_paid_content":false,"footnotes":""},"categories":[13],"tags":[1322],"class_list":["post-10185","post","type-post","status-publish","format-standard","has-post-thumbnail","hentry","category-noticias-nacionales","tag-presidente-daniel-noboa"],"jetpack_featured_media_url":"https:\/\/radiocresatelital.com\/wp-content\/uploads\/2024\/01\/53485248344_d6c43b9268_c.jpg","jetpack_sharing_enabled":true,"_links":{"self":[{"href":"https:\/\/radiocresatelital.com\/index.php?rest_route=\/wp\/v2\/posts\/10185","targetHints":{"allow":["GET"]}}],"collection":[{"href":"https:\/\/radiocresatelital.com\/index.php?rest_route=\/wp\/v2\/posts"}],"about":[{"href":"https:\/\/radiocresatelital.com\/index.php?rest_route=\/wp\/v2\/types\/post"}],"author":[{"embeddable":true,"href":"https:\/\/radiocresatelital.com\/index.php?rest_route=\/wp\/v2\/users\/2"}],"replies":[{"embeddable":true,"href":"https:\/\/radiocresatelital.com\/index.php?rest_route=%2Fwp%2Fv2%2Fcomments&post=10185"}],"version-history":[{"count":1,"href":"https:\/\/radiocresatelital.com\/index.php?rest_route=\/wp\/v2\/posts\/10185\/revisions"}],"predecessor-version":[{"id":10187,"href":"https:\/\/radiocresatelital.com\/index.php?rest_route=\/wp\/v2\/posts\/10185\/revisions\/10187"}],"wp:featuredmedia":[{"embeddable":true,"href":"https:\/\/radiocresatelital.com\/index.php?rest_route=\/wp\/v2\/media\/10186"}],"wp:attachment":[{"href":"https:\/\/radiocresatelital.com\/index.php?rest_route=%2Fwp%2Fv2%2Fmedia&parent=10185"}],"wp:term":[{"taxonomy":"category","embeddable":true,"href":"https:\/\/radiocresatelital.com\/index.php?rest_route=%2Fwp%2Fv2%2Fcategories&post=10185"},{"taxonomy":"post_tag","embeddable":true,"href":"https:\/\/radiocresatelital.com\/index.php?rest_route=%2Fwp%2Fv2%2Ftags&post=10185"}],"curies":[{"name":"wp","href":"https:\/\/api.w.org\/{rel}","templated":true}]}}