{"id":1018,"date":"2023-07-08T19:33:25","date_gmt":"2023-07-08T19:33:25","guid":{"rendered":"https:\/\/radiocresatelital.com\/?p=1018"},"modified":"2023-07-08T19:33:25","modified_gmt":"2023-07-08T19:33:25","slug":"delantero-colombiano-cristhian-martinez-borja-a-orense","status":"publish","type":"post","link":"https:\/\/radiocresatelital.com\/?p=1018","title":{"rendered":"Delantero Colombiano Cristhian Mart\u00cdnez Borja a Orense"},"content":{"rendered":"<p><strong>Por Luis Su\u00e1rez Marquina<\/strong><\/p>\n<p>Machala.- El delantero colombiano, Cristhian Mart\u00ednez Borja, fich\u00f3 por Orense Sporting Club para la segunda etapa de LigaPro y ser\u00e1 presentado en las pr\u00f3ximas horas.<\/p>\n<p>Mart\u00ednez Borja, de 35 a\u00f1os de edad, milit\u00f3 en Liga Deportiva Universitaria de Quito y Universidad Cat\u00f3lica fich\u00f3 para la segunda etapa de la LigaPro y ser\u00e1 presentado de manera oficial en las pr\u00f3ximas horas.<\/p>\n<p>Orense SC, no renov\u00f3 con los jugadores, el argentino, Alejandro Quintana; el brasile\u00f1o, David Ribeiro, adem\u00e1s de los ecuatorianos, Marlon Mej\u00eda y Adolfo Mu\u00f1oz.<\/p>\n<p>El equipo machale\u00f1o, no ha hecho oficial la llegada del colombiano, hasta el momento s\u00f3lo oficializaron la incorporaci\u00f3n de Jos\u00e9 Carabal\u00ed.<\/p>\n","protected":false},"excerpt":{"rendered":"<p>Por Luis Su\u00e1rez Marquina Machala.- El delantero colombiano, Cristhian Mart\u00ednez Borja, fich\u00f3 por Orense Sporting Club para la segunda etapa de LigaPro y ser\u00e1 presentado en las pr\u00f3ximas horas. Mart\u00ednez Borja, de 35 a\u00f1os de edad, milit\u00f3 en Liga Deportiva Universitaria de Quito y Universidad Cat\u00f3lica fich\u00f3 para la segunda etapa de la LigaPro y [&hellip;]<\/p>\n","protected":false},"author":2,"featured_media":1019,"comment_status":"open","ping_status":"closed","sticky":false,"template":"","format":"standard","meta":{"_jetpack_memberships_contains_paid_content":false,"footnotes":""},"categories":[73],"tags":[252,127],"class_list":["post-1018","post","type-post","status-publish","format-standard","has-post-thumbnail","hentry","category-liga-pro","tag-crsithian-martinez-borja","tag-orense"],"jetpack_featured_media_url":"https:\/\/radiocresatelital.com\/wp-content\/uploads\/2023\/07\/6a195711-ebbf-45f1-9cf7-5301abedc312.jpg","jetpack_sharing_enabled":true,"_links":{"self":[{"href":"https:\/\/radiocresatelital.com\/index.php?rest_route=\/wp\/v2\/posts\/1018","targetHints":{"allow":["GET"]}}],"collection":[{"href":"https:\/\/radiocresatelital.com\/index.php?rest_route=\/wp\/v2\/posts"}],"about":[{"href":"https:\/\/radiocresatelital.com\/index.php?rest_route=\/wp\/v2\/types\/post"}],"author":[{"embeddable":true,"href":"https:\/\/radiocresatelital.com\/index.php?rest_route=\/wp\/v2\/users\/2"}],"replies":[{"embeddable":true,"href":"https:\/\/radiocresatelital.com\/index.php?rest_route=%2Fwp%2Fv2%2Fcomments&post=1018"}],"version-history":[{"count":1,"href":"https:\/\/radiocresatelital.com\/index.php?rest_route=\/wp\/v2\/posts\/1018\/revisions"}],"predecessor-version":[{"id":1020,"href":"https:\/\/radiocresatelital.com\/index.php?rest_route=\/wp\/v2\/posts\/1018\/revisions\/1020"}],"wp:featuredmedia":[{"embeddable":true,"href":"https:\/\/radiocresatelital.com\/index.php?rest_route=\/wp\/v2\/media\/1019"}],"wp:attachment":[{"href":"https:\/\/radiocresatelital.com\/index.php?rest_route=%2Fwp%2Fv2%2Fmedia&parent=1018"}],"wp:term":[{"taxonomy":"category","embeddable":true,"href":"https:\/\/radiocresatelital.com\/index.php?rest_route=%2Fwp%2Fv2%2Fcategories&post=1018"},{"taxonomy":"post_tag","embeddable":true,"href":"https:\/\/radiocresatelital.com\/index.php?rest_route=%2Fwp%2Fv2%2Ftags&post=1018"}],"curies":[{"name":"wp","href":"https:\/\/api.w.org\/{rel}","templated":true}]}}