{"id":10097,"date":"2024-01-23T19:08:06","date_gmt":"2024-01-23T19:08:06","guid":{"rendered":"https:\/\/radiocresatelital.com\/?p=10097"},"modified":"2024-01-23T19:08:06","modified_gmt":"2024-01-23T19:08:06","slug":"msp-adquiere-nuevos-equipos-de-emisiones-otoacusticas-para-la-atencion-oportuna-a-recien-nacidos-en-napo-orellana-y-pichincha-rural","status":"publish","type":"post","link":"https:\/\/radiocresatelital.com\/?p=10097","title":{"rendered":"MSP adquiere nuevos equipos de emisiones otoac\u00fasticas para la atenci\u00f3n oportuna a reci\u00e9n nacidos en Napo, Orellana y Pichincha rural"},"content":{"rendered":"<p>Quito.- La Coordinaci\u00f3n Zonal 2 del Ministerio de Salud P\u00fablica (MSP) entreg\u00f3 seis equipos de emisiones otoac\u00fasticas para los establecimientos de salud del primer y segundo nivel de atenci\u00f3n de las provincias de Napo, Orellana y Pichincha rural. Esto signific\u00f3 una inversi\u00f3n total de 18.500 d\u00f3lares.<\/p>\n<p>Con este nuevo equipamiento, los profesionales de la salud continuar\u00e1n atendiendo oportunamente la demanda de pruebas auditivas en los reci\u00e9n nacidos y ni\u00f1os de hasta cuatro a\u00f1os de edad. Estas pruebas especializadas pueden detectar un grado de disminuci\u00f3n de la percepci\u00f3n auditiva o hipoacusia que podr\u00eda provocar problemas, tales como retraso en el desarrollo del habla y lenguaje, adem\u00e1s de limitar las expectativas laborales y profesionales en la vida adulta, por un retraso en el diagn\u00f3stico y tratamiento en la infancia.<\/p>\n<p>La coordinadora Zonal de Salud 2, Esther Castillo, explic\u00f3 que se trata de un procedimiento r\u00e1pido, indoloro y libre de riesgos. \u201cEstos equipos m\u00e9dicos fortalecen los servicios de salud p\u00fablicos para beneficio de la comunidad, especialmente a los grupos de atenci\u00f3n prioritaria como son las personas con discapacidad\u201d, se\u00f1al\u00f3.<\/p>\n<p>La distribuci\u00f3n se realiz\u00f3 en Pichincha rural a los Centros de Salud Pedro Vicente Maldonado y Cayambe. En Orellana para el Hospital General Francisco de Orellana y el Centro de Salud Tiputini, y en Napo para el Hospital General Jos\u00e9 Mar\u00eda Velasco Ibarra de Tena y el Centro de Salud El Chaco.<\/p>\n","protected":false},"excerpt":{"rendered":"<p>Quito.- La Coordinaci\u00f3n Zonal 2 del Ministerio de Salud P\u00fablica (MSP) entreg\u00f3 seis equipos de emisiones otoac\u00fasticas para los establecimientos de salud del primer y segundo nivel de atenci\u00f3n de las provincias de Napo, Orellana y Pichincha rural. Esto signific\u00f3 una inversi\u00f3n total de 18.500 d\u00f3lares. Con este nuevo equipamiento, los profesionales de la salud [&hellip;]<\/p>\n","protected":false},"author":2,"featured_media":10098,"comment_status":"open","ping_status":"closed","sticky":false,"template":"","format":"standard","meta":{"_jetpack_memberships_contains_paid_content":false,"footnotes":""},"categories":[13],"tags":[148],"class_list":["post-10097","post","type-post","status-publish","format-standard","has-post-thumbnail","hentry","category-noticias-nacionales","tag-ministerio-de-salud-publica"],"jetpack_featured_media_url":"https:\/\/radiocresatelital.com\/wp-content\/uploads\/2024\/01\/WhatsApp-Image-2024-01-23-at-12.01.37-1-1536x1152-1.jpeg","jetpack_sharing_enabled":true,"_links":{"self":[{"href":"https:\/\/radiocresatelital.com\/index.php?rest_route=\/wp\/v2\/posts\/10097","targetHints":{"allow":["GET"]}}],"collection":[{"href":"https:\/\/radiocresatelital.com\/index.php?rest_route=\/wp\/v2\/posts"}],"about":[{"href":"https:\/\/radiocresatelital.com\/index.php?rest_route=\/wp\/v2\/types\/post"}],"author":[{"embeddable":true,"href":"https:\/\/radiocresatelital.com\/index.php?rest_route=\/wp\/v2\/users\/2"}],"replies":[{"embeddable":true,"href":"https:\/\/radiocresatelital.com\/index.php?rest_route=%2Fwp%2Fv2%2Fcomments&post=10097"}],"version-history":[{"count":1,"href":"https:\/\/radiocresatelital.com\/index.php?rest_route=\/wp\/v2\/posts\/10097\/revisions"}],"predecessor-version":[{"id":10099,"href":"https:\/\/radiocresatelital.com\/index.php?rest_route=\/wp\/v2\/posts\/10097\/revisions\/10099"}],"wp:featuredmedia":[{"embeddable":true,"href":"https:\/\/radiocresatelital.com\/index.php?rest_route=\/wp\/v2\/media\/10098"}],"wp:attachment":[{"href":"https:\/\/radiocresatelital.com\/index.php?rest_route=%2Fwp%2Fv2%2Fmedia&parent=10097"}],"wp:term":[{"taxonomy":"category","embeddable":true,"href":"https:\/\/radiocresatelital.com\/index.php?rest_route=%2Fwp%2Fv2%2Fcategories&post=10097"},{"taxonomy":"post_tag","embeddable":true,"href":"https:\/\/radiocresatelital.com\/index.php?rest_route=%2Fwp%2Fv2%2Ftags&post=10097"}],"curies":[{"name":"wp","href":"https:\/\/api.w.org\/{rel}","templated":true}]}}