{"id":10058,"date":"2024-01-22T17:01:59","date_gmt":"2024-01-22T17:01:59","guid":{"rendered":"https:\/\/radiocresatelital.com\/?p=10058"},"modified":"2024-01-22T20:56:02","modified_gmt":"2024-01-22T20:56:02","slug":"presidente-hace-justicia-y-condecora-a-policia-santiago-olmedo-quien-estuvo-preso-por-cumplir-con-su-labor","status":"publish","type":"post","link":"https:\/\/radiocresatelital.com\/?p=10058","title":{"rendered":"Presidente hace justicia y condecora a polic\u00eda Santiago Olmedo, quien estuvo preso por cumplir con su labor"},"content":{"rendered":"<p>Quito.- En una emotiva ceremonia, el presidente de la Rep\u00fablica, Daniel Noboa, condecor\u00f3 al polic\u00eda Santiago Olmedo, quien en el cumplimiento de su deber elimin\u00f3 a dos delilncuentes que estaban asaltando a una menor de edad en Riobamba. El Polic\u00eda luego del suceso llam\u00f3 a una ambulancia para que los socorra, no obstante fue sentenciado primero a poco m\u00e1s de 3 a\u00f1os de c\u00e1rcel y luego, cuando apel\u00f3 le impusieron 13 a\u00f1os de prisi\u00f3n.<\/p>\n<p>Reci\u00e9n el 9 de Enero del a\u00f1os en curso, 2024, la Corte Nacional de Justicia lo declar\u00f3 libre y reconoci\u00f3 que Olmedo actu\u00f3 en el estricto cumplimiento de la ley.<\/p>\n<p>Pero esos a\u00f1os de pesadillas para Olmedo y su familia parecen haber quedado atr\u00e1s y hoy, el Presidente de la Rp\u00fablica, Daniel Noboa lo condecor\u00f3 por su valiente acci\u00f3n. En redes sociales, muchas ocasiones se expresa el sentir popular, pidiendo que a los polic\u00edas que eliminan a los delincuentes en delito flagrante porque las circunstancias lo ameritan, deber\u00edan condecorarlos, al igual que hacen en otras partes del mundo.<\/p>\n<p><a href=\"https:\/\/x.com\/LaDataEc\/status\/1749465365086708082?s=20\">https:\/\/x.com\/LaDataEc\/status\/1749465365086708082?s=20<\/a><\/p>\n","protected":false},"excerpt":{"rendered":"<p>Quito.- En una emotiva ceremonia, el presidente de la Rep\u00fablica, Daniel Noboa, condecor\u00f3 al polic\u00eda Santiago Olmedo, quien en el cumplimiento de su deber elimin\u00f3 a dos delilncuentes que estaban asaltando a una menor de edad en Riobamba. El Polic\u00eda luego del suceso llam\u00f3 a una ambulancia para que los socorra, no obstante fue sentenciado [&hellip;]<\/p>\n","protected":false},"author":3,"featured_media":10059,"comment_status":"open","ping_status":"closed","sticky":false,"template":"","format":"standard","meta":{"_jetpack_memberships_contains_paid_content":false,"footnotes":""},"categories":[13],"tags":[1322],"class_list":["post-10058","post","type-post","status-publish","format-standard","has-post-thumbnail","hentry","category-noticias-nacionales","tag-presidente-daniel-noboa"],"jetpack_featured_media_url":"https:\/\/radiocresatelital.com\/wp-content\/uploads\/2024\/01\/noboa-condecora.jpeg","jetpack_sharing_enabled":true,"_links":{"self":[{"href":"https:\/\/radiocresatelital.com\/index.php?rest_route=\/wp\/v2\/posts\/10058","targetHints":{"allow":["GET"]}}],"collection":[{"href":"https:\/\/radiocresatelital.com\/index.php?rest_route=\/wp\/v2\/posts"}],"about":[{"href":"https:\/\/radiocresatelital.com\/index.php?rest_route=\/wp\/v2\/types\/post"}],"author":[{"embeddable":true,"href":"https:\/\/radiocresatelital.com\/index.php?rest_route=\/wp\/v2\/users\/3"}],"replies":[{"embeddable":true,"href":"https:\/\/radiocresatelital.com\/index.php?rest_route=%2Fwp%2Fv2%2Fcomments&post=10058"}],"version-history":[{"count":1,"href":"https:\/\/radiocresatelital.com\/index.php?rest_route=\/wp\/v2\/posts\/10058\/revisions"}],"predecessor-version":[{"id":10060,"href":"https:\/\/radiocresatelital.com\/index.php?rest_route=\/wp\/v2\/posts\/10058\/revisions\/10060"}],"wp:featuredmedia":[{"embeddable":true,"href":"https:\/\/radiocresatelital.com\/index.php?rest_route=\/wp\/v2\/media\/10059"}],"wp:attachment":[{"href":"https:\/\/radiocresatelital.com\/index.php?rest_route=%2Fwp%2Fv2%2Fmedia&parent=10058"}],"wp:term":[{"taxonomy":"category","embeddable":true,"href":"https:\/\/radiocresatelital.com\/index.php?rest_route=%2Fwp%2Fv2%2Fcategories&post=10058"},{"taxonomy":"post_tag","embeddable":true,"href":"https:\/\/radiocresatelital.com\/index.php?rest_route=%2Fwp%2Fv2%2Ftags&post=10058"}],"curies":[{"name":"wp","href":"https:\/\/api.w.org\/{rel}","templated":true}]}}