{"id":10055,"date":"2024-01-22T16:33:32","date_gmt":"2024-01-22T16:33:32","guid":{"rendered":"https:\/\/radiocresatelital.com\/?p=10055"},"modified":"2024-01-22T20:55:18","modified_gmt":"2024-01-22T20:55:18","slug":"en-menos-de-una-semana-hemos-golpeado-el-bolsillo-de-los-terroristas-noboa","status":"publish","type":"post","link":"https:\/\/radiocresatelital.com\/?p=10055","title":{"rendered":"En menos de una semana hemos \u00abgolpeado\u00bb el  bolsillo de los terroristas, Noboa"},"content":{"rendered":"<p>Quito.- El presidente de la rep\u00fablica, Daniel Noboa, se mostr\u00f3 satisfecho y felicit\u00f3 la labor de las Fuerzas Armadas y la Polic\u00eda Nacional por la labor que vienen realizando para devolverle la paz al pa\u00eds dentro del conflicto interno armado que vivimos. \u00abHay menos muertes violentas, m\u00e1s tranquilidad, la gente se siente m\u00e1s segura, esta denunciando a los vacunadores que antes no lo hac\u00eda, esa es para mi la victoria m\u00e1s grande\u00bb.<\/p>\n<p>En cuanto al efecto econ\u00f3mico negativo para los terroristas dijo: \u00abNo es solo el conflicto armado, es como cortar el financiamiento, en menos de una semana hemos logrado golpear el bolsillo de los narcoterroristas, las Fuerzas Armadas estan haciendo un gran trabajo al igual que la Polic\u00eda Nacional , dijo y se refiri\u00f3 a la incautaci\u00f3n del fin de semana de 10 toneladas,\u00bb10 toneladas es una brutalidad en valor y en destino\u00bb, eso significa entre 300 y 500 millone de d\u00f3lares.<\/p>\n<p>\u00abLa UAFE, SRI, Superintendencia de Bancos\u00bb, todos deben analizar la ilegalidad de los recursos por cada lado hay que analizar, explic\u00f3 Noboa, en cuanto a la Asamblea Nacional, detall\u00f3 la necesidad de la Ley de Extinci\u00f3n de Dominio, para as\u00ed utilizar las armas y recursos de estos narcoterroristas y de sus financistas pra usarlas contra ellos mismos. Se esta trabajando en conjunto entre ejecutivo y legislativo, yo conf\u00edo en que la asamblea va a hacer lo correcto para el pa\u00eds, finaliz\u00f3 el presidente.<\/p>\n","protected":false},"excerpt":{"rendered":"<p>Quito.- El presidente de la rep\u00fablica, Daniel Noboa, se mostr\u00f3 satisfecho y felicit\u00f3 la labor de las Fuerzas Armadas y la Polic\u00eda Nacional por la labor que vienen realizando para devolverle la paz al pa\u00eds dentro del conflicto interno armado que vivimos. \u00abHay menos muertes violentas, m\u00e1s tranquilidad, la gente se siente m\u00e1s segura, esta [&hellip;]<\/p>\n","protected":false},"author":3,"featured_media":9457,"comment_status":"open","ping_status":"closed","sticky":false,"template":"","format":"standard","meta":{"_jetpack_memberships_contains_paid_content":false,"footnotes":""},"categories":[13],"tags":[1322],"class_list":["post-10055","post","type-post","status-publish","format-standard","has-post-thumbnail","hentry","category-noticias-nacionales","tag-presidente-daniel-noboa"],"jetpack_featured_media_url":"https:\/\/radiocresatelital.com\/wp-content\/uploads\/2024\/01\/daniel-noboa-consulta-popular-gobierno-2012024-1.jpg","jetpack_sharing_enabled":true,"_links":{"self":[{"href":"https:\/\/radiocresatelital.com\/index.php?rest_route=\/wp\/v2\/posts\/10055","targetHints":{"allow":["GET"]}}],"collection":[{"href":"https:\/\/radiocresatelital.com\/index.php?rest_route=\/wp\/v2\/posts"}],"about":[{"href":"https:\/\/radiocresatelital.com\/index.php?rest_route=\/wp\/v2\/types\/post"}],"author":[{"embeddable":true,"href":"https:\/\/radiocresatelital.com\/index.php?rest_route=\/wp\/v2\/users\/3"}],"replies":[{"embeddable":true,"href":"https:\/\/radiocresatelital.com\/index.php?rest_route=%2Fwp%2Fv2%2Fcomments&post=10055"}],"version-history":[{"count":3,"href":"https:\/\/radiocresatelital.com\/index.php?rest_route=\/wp\/v2\/posts\/10055\/revisions"}],"predecessor-version":[{"id":10064,"href":"https:\/\/radiocresatelital.com\/index.php?rest_route=\/wp\/v2\/posts\/10055\/revisions\/10064"}],"wp:featuredmedia":[{"embeddable":true,"href":"https:\/\/radiocresatelital.com\/index.php?rest_route=\/wp\/v2\/media\/9457"}],"wp:attachment":[{"href":"https:\/\/radiocresatelital.com\/index.php?rest_route=%2Fwp%2Fv2%2Fmedia&parent=10055"}],"wp:term":[{"taxonomy":"category","embeddable":true,"href":"https:\/\/radiocresatelital.com\/index.php?rest_route=%2Fwp%2Fv2%2Fcategories&post=10055"},{"taxonomy":"post_tag","embeddable":true,"href":"https:\/\/radiocresatelital.com\/index.php?rest_route=%2Fwp%2Fv2%2Ftags&post=10055"}],"curies":[{"name":"wp","href":"https:\/\/api.w.org\/{rel}","templated":true}]}}