{"id":10053,"date":"2024-01-22T15:52:59","date_gmt":"2024-01-22T15:52:59","guid":{"rendered":"https:\/\/radiocresatelital.com\/?p=10053"},"modified":"2024-01-22T20:54:10","modified_gmt":"2024-01-22T20:54:10","slug":"noboa-aumento-del-iva-focalizacion-de-subsidios-y-ajuste-del-cinturon-del-estado","status":"publish","type":"post","link":"https:\/\/radiocresatelital.com\/?p=10053","title":{"rendered":"Noboa: Aumento del IVA, focalizaci\u00f3n de subsidios y \u00abajuste del cinturon del estado\u00bb"},"content":{"rendered":"<p>Quito.- El presidente de la rep\u00fabica, en di\u00e1logo con Teleamazonas, mencion\u00f3 esta ma\u00f1ana algunas formas para financiar el actual conflicto interno y la situaci\u00f3n financiera del pa\u00eds en general.\u00a0 En cuanto a la eliminaci\u00f3n de los subsidios a los combustibles, insisti\u00f3 en la focalizaci\u00f3n y asegur\u00f3 que de ninguna manera afecta a las clases m\u00e1s necesitadas.<\/p>\n<p>\u201cHay que ser bastante claro porque si no le estamos dando\u00a0<strong>gusto<\/strong>\u00a0a\u00a0<strong>Leonidas Iza<\/strong>\u00a0para que le\u00a0<strong>mienta\u00a0<\/strong>a la\u00a0<strong>gente<\/strong>. La\u00a0<strong>focalizaci\u00f3n<\/strong>\u00a0de subsidios\u00a0<strong>no afecta\u00a0<\/strong>al\u00a0<strong>pueblo<\/strong>\u00a0y tenemos que tener focalizaci\u00f3n de subsidios mientras vamos mejorando\u00a0<strong>eficiencia energ\u00e9tica<\/strong>\u00a0en generaci\u00f3n y transmisi\u00f3n el\u00e9ctrica y el refinamiento nacional (\u2026) para que el\u00a0<strong>costo final\u00a0<\/strong>para el consumidor sea el\u00a0<strong>mismo<\/strong>\u201d, asegur\u00f3.<\/p>\n<p>En lo que respecta al aumento del IVA, el primer mandatario dijo que\u00a0\u201cNo es solo el\u00a0<strong>incremento\u00a0<\/strong>del\u00a0<strong>IVA<\/strong> es c\u00f3mo financiar esta guerra, \u00a0c\u00f3mo luchar contra estos grupos narcoterroristas que est\u00e1n llenos de<strong>\u00a0dinero<\/strong>. No es la \u00fanica medida. Yo estoy de acuerdo que sea temporal,de 18 meses a 2 a\u00f1os sugiri\u00f3 el presidente,\u00a0 pero parte deber\u00edan ser <strong>ingresos permanentes p<\/strong>orque eso demuestra al mundo<strong>\u00a0salud econ\u00f3mica\u00a0<\/strong>del Estado\u201d,<\/p>\n<p>Tambi\u00e9n\u00a0<strong>record\u00f3\u00a0<\/strong>a los partidos pol\u00edticos de la\u00a0<strong>Revoluci\u00f3n Ciudadana\u00a0<\/strong>(RC) y\u00a0<strong>Construye\u00a0<\/strong>que en los anteriores gobiernos se\u00a0<strong>implement\u00f3<\/strong>\u00a0esta\u00a0<strong>medida<\/strong>. \u201cComo hizo la RC en el 2015 que subi\u00f3 dos puntos el IVA y como hizo el gobierno de<strong>\u00a0Len\u00edn Moreno<\/strong>\u00a0y\u00a0<strong>Mar\u00eda Paula Romo<\/strong>\u00a0en 2020. S\u00ed estoy de acuerdo con esas medidas, lo que pasa es que\u00a0<strong>no se acuerdan<\/strong>\u00a0y tengo que\u00a0<strong>refrescarles\u00a0<\/strong>la\u00a0<strong>memoria<\/strong>\u201d, a\u00f1adi\u00f3.<\/p>\n<p>En cuanto a la necesidad de que el estado tambi\u00e9n haga sacrificio, Noboa anunci\u00f3 un ajuste dr\u00e1stico de los gastos del estado.\u00a0\u201cVamos a\u00a0<strong>recortar<\/strong>\u00a0mil millones d\u00f3lares en\u00a0<strong>gastos,\u00a0<\/strong>mucho de ellos\u00a0<strong>administrativos<\/strong>, porque el\u00a0<strong>Estado\u00a0<\/strong>tambi\u00e9n tiene que\u00a0<strong>apreta<\/strong>r el\u00a0<strong>cintur\u00f3n<\/strong>\u00a0y hacer un\u00a0<strong>sacrificio<\/strong>\u201d, el anuncio del primer mandatario significa disminuci\u00f3n de la burocracia.\u201cReducci\u00f3n de gastos administrativos, se ha duplicado actividades de personal. Pero tambi\u00e9n debemos tener un\u00a0<strong>esquema<\/strong>\u00a0de\u00a0<strong>generaci\u00f3n<\/strong>\u00a0de\u00a0<strong>empleo.<\/strong>\u00a0Si es que una persona se la saca del Gobierno tiene que haber un ambiente de generaci\u00f3n de empleo afuera para que no sea una\u00a0<strong>afectaci\u00f3n neta\u201d<\/strong>, asegur\u00f3.<\/p>\n","protected":false},"excerpt":{"rendered":"<p>Quito.- El presidente de la rep\u00fabica, en di\u00e1logo con Teleamazonas, mencion\u00f3 esta ma\u00f1ana algunas formas para financiar el actual conflicto interno y la situaci\u00f3n financiera del pa\u00eds en general.\u00a0 En cuanto a la eliminaci\u00f3n de los subsidios a los combustibles, insisti\u00f3 en la focalizaci\u00f3n y asegur\u00f3 que de ninguna manera afecta a las clases m\u00e1s [&hellip;]<\/p>\n","protected":false},"author":3,"featured_media":9691,"comment_status":"open","ping_status":"closed","sticky":false,"template":"","format":"standard","meta":{"_jetpack_memberships_contains_paid_content":false,"footnotes":""},"categories":[13],"tags":[1322],"class_list":["post-10053","post","type-post","status-publish","format-standard","has-post-thumbnail","hentry","category-noticias-nacionales","tag-presidente-daniel-noboa"],"jetpack_featured_media_url":"https:\/\/radiocresatelital.com\/wp-content\/uploads\/2024\/01\/NoboaCarcel.jpg","jetpack_sharing_enabled":true,"_links":{"self":[{"href":"https:\/\/radiocresatelital.com\/index.php?rest_route=\/wp\/v2\/posts\/10053","targetHints":{"allow":["GET"]}}],"collection":[{"href":"https:\/\/radiocresatelital.com\/index.php?rest_route=\/wp\/v2\/posts"}],"about":[{"href":"https:\/\/radiocresatelital.com\/index.php?rest_route=\/wp\/v2\/types\/post"}],"author":[{"embeddable":true,"href":"https:\/\/radiocresatelital.com\/index.php?rest_route=\/wp\/v2\/users\/3"}],"replies":[{"embeddable":true,"href":"https:\/\/radiocresatelital.com\/index.php?rest_route=%2Fwp%2Fv2%2Fcomments&post=10053"}],"version-history":[{"count":2,"href":"https:\/\/radiocresatelital.com\/index.php?rest_route=\/wp\/v2\/posts\/10053\/revisions"}],"predecessor-version":[{"id":10062,"href":"https:\/\/radiocresatelital.com\/index.php?rest_route=\/wp\/v2\/posts\/10053\/revisions\/10062"}],"wp:featuredmedia":[{"embeddable":true,"href":"https:\/\/radiocresatelital.com\/index.php?rest_route=\/wp\/v2\/media\/9691"}],"wp:attachment":[{"href":"https:\/\/radiocresatelital.com\/index.php?rest_route=%2Fwp%2Fv2%2Fmedia&parent=10053"}],"wp:term":[{"taxonomy":"category","embeddable":true,"href":"https:\/\/radiocresatelital.com\/index.php?rest_route=%2Fwp%2Fv2%2Fcategories&post=10053"},{"taxonomy":"post_tag","embeddable":true,"href":"https:\/\/radiocresatelital.com\/index.php?rest_route=%2Fwp%2Fv2%2Ftags&post=10053"}],"curies":[{"name":"wp","href":"https:\/\/api.w.org\/{rel}","templated":true}]}}