{"id":10039,"date":"2024-01-19T22:54:08","date_gmt":"2024-01-19T22:54:08","guid":{"rendered":"https:\/\/radiocresatelital.com\/?p=10039"},"modified":"2024-01-19T22:54:08","modified_gmt":"2024-01-19T22:54:08","slug":"en-40-dias-un-presidente-joven-un-gobierno-limpio-ha-hecho-todo-lo-contrario-a-gobiernos-anteriores-esteban-torres","status":"publish","type":"post","link":"https:\/\/radiocresatelital.com\/?p=10039","title":{"rendered":"En 40 d\u00edas, un presidente joven, un Gobierno limpio ha hecho todo lo contrario a Gobiernos anteriores, Esteban Torres"},"content":{"rendered":"<p>Quito.-\u00a0La situaci\u00f3n econ\u00f3mica del pa\u00eds es complicada y mantener la guerra contra las bandas de delincuencia organizada requiere una gran inversi\u00f3n de recursos, dijo el viceministro de Gobierno, Esteban Torres, al tiempo de informar que por ello el Estado analiza opciones como el incremento del Impuesto al Valor Agregado (IVA) y la focalizaci\u00f3n de subsidios para la recaudaci\u00f3n de ingresos.<\/p>\n<p>En una entrevista, el funcionario a\u00f1adi\u00f3: \u201cEn 40 d\u00edas, un presidente joven, un Gobierno limpio ha hecho todo lo contrario a Gobiernos anteriores; sin embargo, este es un proceso largo que se mantendr\u00e1 hasta devolver la paz a los ecuatorianos\u201d. Tambi\u00e9n hizo un llamado a la Funci\u00f3n Judicial para juzgar con firmeza a los detenidos por terrorismo.<\/p>\n<p>Adem\u00e1s, solicit\u00f3 a las fuerzas pol\u00edticas, el apoyo al proyecto de ley, con el que se busca el incremento de tres puntos al IVA, recalcando que es la tasa m\u00e1s baja de la regi\u00f3n; no afecta a los productos de primera necesidad; y, es la forma m\u00e1s r\u00e1pida de inyectar recursos a la seguridad. \u201cExiste un d\u00e9ficit de USD 8 mil millones, para la cadena de pagos\u201d, sostuvo.<\/p>\n<p>El funcionario reiter\u00f3 que el gobierno del presidente Daniel Noboa mantiene abiertas las puertas del di\u00e1logo con todas las bancadas en la Asamblea Nacional, \u201cpara trabajar unidos en esta guerra contra el terrorismo que enfrenta el pa\u00eds\u201d.<\/p>\n<p>En relaci\u00f3n a la Consulta Popular, indic\u00f3 que el r\u00e9gimen espera, optimista, el dictamen de la Corte Constitucional, para que en el plazo de 45 d\u00edas los ecuatorianos se pronuncien sobre temas importantes como: extinci\u00f3n de dominio, extradici\u00f3n, tribunales especializados para polic\u00edas y militares, entre otros, que son reformas que el pa\u00eds necesita.<\/p>\n<p>Finalmente, agradeci\u00f3 la colaboraci\u00f3n internacional de Panam\u00e1 en clara alusi\u00f3n a la detenci\u00f3n y deportaci\u00f3n, de Daniel Salcedo y \u00c1lvaro Ponce, y afirm\u00f3 que el Gobierno no se detiene en su acci\u00f3n contra los delincuentes.<\/p>\n","protected":false},"excerpt":{"rendered":"<p>Quito.-\u00a0La situaci\u00f3n econ\u00f3mica del pa\u00eds es complicada y mantener la guerra contra las bandas de delincuencia organizada requiere una gran inversi\u00f3n de recursos, dijo el viceministro de Gobierno, Esteban Torres, al tiempo de informar que por ello el Estado analiza opciones como el incremento del Impuesto al Valor Agregado (IVA) y la focalizaci\u00f3n de subsidios [&hellip;]<\/p>\n","protected":false},"author":2,"featured_media":10040,"comment_status":"open","ping_status":"closed","sticky":false,"template":"","format":"standard","meta":{"_jetpack_memberships_contains_paid_content":false,"footnotes":""},"categories":[13],"tags":[1714,1715],"class_list":["post-10039","post","type-post","status-publish","format-standard","has-post-thumbnail","hentry","category-noticias-nacionales","tag-esteban-torres","tag-viceministro-de-gobierno"],"jetpack_featured_media_url":"https:\/\/radiocresatelital.com\/wp-content\/uploads\/2024\/01\/photo1705668066.jpeg","jetpack_sharing_enabled":true,"_links":{"self":[{"href":"https:\/\/radiocresatelital.com\/index.php?rest_route=\/wp\/v2\/posts\/10039","targetHints":{"allow":["GET"]}}],"collection":[{"href":"https:\/\/radiocresatelital.com\/index.php?rest_route=\/wp\/v2\/posts"}],"about":[{"href":"https:\/\/radiocresatelital.com\/index.php?rest_route=\/wp\/v2\/types\/post"}],"author":[{"embeddable":true,"href":"https:\/\/radiocresatelital.com\/index.php?rest_route=\/wp\/v2\/users\/2"}],"replies":[{"embeddable":true,"href":"https:\/\/radiocresatelital.com\/index.php?rest_route=%2Fwp%2Fv2%2Fcomments&post=10039"}],"version-history":[{"count":1,"href":"https:\/\/radiocresatelital.com\/index.php?rest_route=\/wp\/v2\/posts\/10039\/revisions"}],"predecessor-version":[{"id":10041,"href":"https:\/\/radiocresatelital.com\/index.php?rest_route=\/wp\/v2\/posts\/10039\/revisions\/10041"}],"wp:featuredmedia":[{"embeddable":true,"href":"https:\/\/radiocresatelital.com\/index.php?rest_route=\/wp\/v2\/media\/10040"}],"wp:attachment":[{"href":"https:\/\/radiocresatelital.com\/index.php?rest_route=%2Fwp%2Fv2%2Fmedia&parent=10039"}],"wp:term":[{"taxonomy":"category","embeddable":true,"href":"https:\/\/radiocresatelital.com\/index.php?rest_route=%2Fwp%2Fv2%2Fcategories&post=10039"},{"taxonomy":"post_tag","embeddable":true,"href":"https:\/\/radiocresatelital.com\/index.php?rest_route=%2Fwp%2Fv2%2Ftags&post=10039"}],"curies":[{"name":"wp","href":"https:\/\/api.w.org\/{rel}","templated":true}]}}