{"id":1001,"date":"2023-07-07T21:06:31","date_gmt":"2023-07-07T21:06:31","guid":{"rendered":"https:\/\/radiocresatelital.com\/?p=1001"},"modified":"2023-07-07T21:06:31","modified_gmt":"2023-07-07T21:06:31","slug":"por-que-se-cancelan-los-juegos-mundiales-de-playa","status":"publish","type":"post","link":"https:\/\/radiocresatelital.com\/?p=1001","title":{"rendered":"\u00bfPor qu\u00e9 se cancelan los Juegos Mundiales de Playa?"},"content":{"rendered":"<p>Indonesia.- La Asociaci\u00f3n de Comit\u00e9 Ol\u00edmpicos Nacionales (ANOC) inform\u00f3 la decisi\u00f3n del Comit\u00e9 Ol\u00edmpico de Indonesia de retirar su compromiso de sede de los II Juegos Mundiales de Playa Bali 2023, que ten\u00edan previsto arrancar el pr\u00f3ximo 5 de agosto.<br aria-hidden=\"true\" \/><br aria-hidden=\"true\" \/>La decisi\u00f3n del Comit\u00e9 Ol\u00edmpico de Indonesia se da luego de que el gobierno de su pa\u00eds no haya entregado el presupuesto para el certamen y ya no resta tiempo para continuar con la organizaci\u00f3n, pues solo falta un mes para la fecha prevista para el evento\u00a0que pretend\u00eda congregar a atletas de 100 pa\u00edses.<br aria-hidden=\"true\" \/><br aria-hidden=\"true\" \/>ANOC explic\u00f3 que se torna complicado en estos momentos encontrar una nueva sede, por lo que no qued\u00f3 otra opci\u00f3n que cancelar la edici\u00f3n de los Juegos de este a\u00f1o, no as\u00ed la Asamblea General de la ANOC, que en las pr\u00f3ximas semanas se informar\u00e1 la nueva ubicaci\u00f3n y fecha.<br aria-hidden=\"true\" \/><br aria-hidden=\"true\" \/>El Comit\u00e9 Ol\u00edmpico Ecuatoriano a trav\u00e9s de su presidente Jorge Delgado Panchana lamenta profundamente esta situaci\u00f3n que se escapa del manejo de los Comit\u00e9s Ol\u00edmpicos Nacionales, cuando se tiene que depender de recursos ajenos a los organismos ol\u00edmpicos.<br aria-hidden=\"true\" \/><br aria-hidden=\"true\" \/>Al mismo tiempo felicita a los deportistas ecuatorianos que con gran esfuerzo alcanzaron la clasificaci\u00f3n, y los alienta a seguir adelante pues a\u00fan restan m\u00e1s competiciones internacionales donde con orgullo podr\u00e1n defender los colores de su bandera.<\/p>\n","protected":false},"excerpt":{"rendered":"<p>Indonesia.- La Asociaci\u00f3n de Comit\u00e9 Ol\u00edmpicos Nacionales (ANOC) inform\u00f3 la decisi\u00f3n del Comit\u00e9 Ol\u00edmpico de Indonesia de retirar su compromiso de sede de los II Juegos Mundiales de Playa Bali 2023, que ten\u00edan previsto arrancar el pr\u00f3ximo 5 de agosto.La decisi\u00f3n del Comit\u00e9 Ol\u00edmpico de Indonesia se da luego de que el gobierno de su [&hellip;]<\/p>\n","protected":false},"author":2,"featured_media":1002,"comment_status":"open","ping_status":"closed","sticky":false,"template":"","format":"standard","meta":{"_jetpack_memberships_contains_paid_content":false,"footnotes":""},"categories":[9],"tags":[247],"class_list":["post-1001","post","type-post","status-publish","format-standard","has-post-thumbnail","hentry","category-deportes","tag-juegos-mundiales-de-playa"],"jetpack_featured_media_url":"https:\/\/radiocresatelital.com\/wp-content\/uploads\/2023\/07\/nota-nueva-bali-960x720-1.jpg","jetpack_sharing_enabled":true,"_links":{"self":[{"href":"https:\/\/radiocresatelital.com\/index.php?rest_route=\/wp\/v2\/posts\/1001","targetHints":{"allow":["GET"]}}],"collection":[{"href":"https:\/\/radiocresatelital.com\/index.php?rest_route=\/wp\/v2\/posts"}],"about":[{"href":"https:\/\/radiocresatelital.com\/index.php?rest_route=\/wp\/v2\/types\/post"}],"author":[{"embeddable":true,"href":"https:\/\/radiocresatelital.com\/index.php?rest_route=\/wp\/v2\/users\/2"}],"replies":[{"embeddable":true,"href":"https:\/\/radiocresatelital.com\/index.php?rest_route=%2Fwp%2Fv2%2Fcomments&post=1001"}],"version-history":[{"count":1,"href":"https:\/\/radiocresatelital.com\/index.php?rest_route=\/wp\/v2\/posts\/1001\/revisions"}],"predecessor-version":[{"id":1003,"href":"https:\/\/radiocresatelital.com\/index.php?rest_route=\/wp\/v2\/posts\/1001\/revisions\/1003"}],"wp:featuredmedia":[{"embeddable":true,"href":"https:\/\/radiocresatelital.com\/index.php?rest_route=\/wp\/v2\/media\/1002"}],"wp:attachment":[{"href":"https:\/\/radiocresatelital.com\/index.php?rest_route=%2Fwp%2Fv2%2Fmedia&parent=1001"}],"wp:term":[{"taxonomy":"category","embeddable":true,"href":"https:\/\/radiocresatelital.com\/index.php?rest_route=%2Fwp%2Fv2%2Fcategories&post=1001"},{"taxonomy":"post_tag","embeddable":true,"href":"https:\/\/radiocresatelital.com\/index.php?rest_route=%2Fwp%2Fv2%2Ftags&post=1001"}],"curies":[{"name":"wp","href":"https:\/\/api.w.org\/{rel}","templated":true}]}}